{"id":14138,"date":"2022-02-07T14:26:18","date_gmt":"2022-02-07T14:26:18","guid":{"rendered":"https:\/\/viafoura-2025.eclipse-dev.com\/blog\/la-nacion-startet-viafouras-conversations-auf-ihrer-plattform-mit-dem-ziel-registrierungen-und-den-zivilen-dialog-zu-foerdern\/"},"modified":"2025-07-25T20:51:48","modified_gmt":"2025-07-25T20:51:48","slug":"la-nacion-startet-viafouras-conversations-auf-ihrer-plattform-mit-dem-ziel-registrierungen-und-den-zivilen-dialog-zu-foerdern","status":"publish","type":"post","link":"https:\/\/viafoura.com\/de\/blog\/la-nacion-startet-viafouras-conversations-auf-ihrer-plattform-mit-dem-ziel-registrierungen-und-den-zivilen-dialog-zu-foerdern\/","title":{"rendered":"La Naci\u00f3n startet Viafoura&#8217;s Conversations auf ihrer Plattform mit dem Ziel, Registrierungen und den zivilen Dialog zu f\u00f6rdern"},"content":{"rendered":"<p><span style=\"font-weight: 400;\">La Naci\u00f3n, Argentiniens f\u00fchrende konservative Zeitung, hat die digitale Erlebnisplattform von Viafoura auf ihrer Website eingef\u00fchrt und dabei die branchenf\u00fchrende Conversations-L\u00f6sung von Viafoura integriert. Conversations von Viafoura wird die automatische Moderation von Kommentaren auf der <a href=\"https:\/\/www.lanacion.com.ar\/\" target=\"_blank\" rel=\"noopener\">Website von La Naci\u00f3n<\/a> erm\u00f6glichen und gleichzeitig Daten und Analysen \u00fcber die registrierten Nutzer des Medienunternehmens erfassen. Die Conversations-L\u00f6sung umfasst auch einen Community-Feed, die M\u00f6glichkeit, Themen und\/oder Autoren zu folgen, sowie ein Karussell mit aktuellen Inhalten.<\/span> <span style=\"font-weight: 400;\">Mit 46 Millionen monatlichen Nutzern und 343.000 bezahlten Abonnenten wollte La Naci\u00f3n ihre Gemeinschaft kultivieren und pflegen und gleichzeitig den Lesern die M\u00f6glichkeit geben, sich auszudr\u00fccken.<\/span> <span style=\"font-weight: 400;\">&#8222;Eines unserer Ziele ist es, die Interaktionen unserer registrierten Nutzer zu erh\u00f6hen&#8220;, sagt Juan Alvarez, Produktmanager bei La Naci\u00f3n. &#8222;Durch die Umstellung auf Viafoura k\u00f6nnen nur unsere registrierten Nutzer kommentieren. Wir hoffen, dass dies einen zivilen Dialog f\u00f6rdert und unseren Nutzern hilft, achtsamer miteinander umzugehen.&#8220;<\/span> <span style=\"font-weight: 400;\">Vor der Einf\u00fchrung der Viafoura-Plattform f\u00fcr digitale Erlebnisse nutzte La Naci\u00f3n Livefyre. Alvarez merkt an, dass sein Team das Community-Erlebnis der Zeitung \u00fcber das Kommentieren hinaus verbessern und gleichzeitig das Engagement, die Registrierungen, die Abonnements, die Verweildauer auf der Website und die Wiederbesuche steigern wollte.<\/span><\/p>\n\n<figure class=\"wp-block-image\"><img decoding=\"async\" src=\"https:\/\/viafoura.com\/wp-content\/uploads\/2025\/07\/La-Nacion-conversations.jpg\" alt=\"\" \/>\n<\/figure>\n<p><span style=\"font-weight: 400;\">Die Entscheidung von La Naci\u00f3n f\u00fcr Viafoura wurde unter anderem durch den Umfang der <a href=\"https:\/\/viafoura.com\/de\/gespraeche\/\" target=\"_blank\" rel=\"noopener\">Conversations-L\u00f6sung<\/a> sowie durch Empfehlungen von anderen vertrauensw\u00fcrdigen Medienmarken begr\u00fcndet.<\/span> <span style=\"font-weight: 400;\">Nach der Vertragsunterzeichnung war Alvarez jedoch am meisten von der hohen Qualit\u00e4t der Dienstleistungen beeindruckt, die sein Team von Viafoura erhielt. Die Implementierung der L\u00f6sung erfolgte in kurzer Zeit, und regelm\u00e4\u00dfige Treffen halfen dem Team von La Naci\u00f3n, die Fragen zur Technologie zu kl\u00e4ren. W\u00e4hrend der Sitzungen wurden auch \u00dcbersetzungsdienste angeboten, um die Kommunikation zu erleichtern. Alvarez f\u00fcgt hinzu, dass der technische Support seit der Einf\u00fchrung der L\u00f6sung besonders effizient war.<\/span> <span style=\"font-weight: 400;\">&#8222;Wir wollen unsere Gemeinschaft Hand in Hand mit Viafoura wachsen lassen&#8220;, sagt Alvarez. &#8222;Wir hoffen, dass wir in Zukunft weitere L\u00f6sungen umsetzen und das Wachstum unserer Gemeinde weiter f\u00f6rdern k\u00f6nnen.<\/span> <span style=\"font-weight: 400;\">Viafoura teilt Alvarez&#8216; Begeisterung f\u00fcr das, was vor ihm liegt.<\/span> <span style=\"font-weight: 400;\">&#8222;Wir freuen uns sehr, unsere Reichweite in Argentinien mit dem wunderbaren Team von La Naci\u00f3n zu erweitern&#8220;, sagt Dalia Vainer, Director of Customer Experience bei Viafoura. &#8222;Wir freuen uns darauf, ihre engagierte Community zu vergr\u00f6\u00dfern, w\u00e4hrend wir gleichzeitig die H\u00f6flichkeit hervorheben und eine nahtlose End-to-End-Nutzerbindungsserie schaffen!&#8220;<\/span><\/p>\n\n","protected":false},"excerpt":{"rendered":"<p>La Naci\u00f3n, Argentiniens f\u00fchrende konservative Zeitung, hat die digitale Erlebnisplattform von Viafoura auf ihrer Website eingef\u00fchrt und dabei die branchenf\u00fchrende Conversations-L\u00f6sung von Viafoura integriert. Conversations von Viafoura wird die automatische Moderation von Kommentaren auf der Website von La Naci\u00f3n erm\u00f6glichen und gleichzeitig Daten und Analysen \u00fcber die registrierten Nutzer des Medienunternehmens erfassen. Die Conversations-L\u00f6sung umfasst [&hellip;]<\/p>\n","protected":false},"author":1,"featured_media":8635,"comment_status":"closed","ping_status":"closed","sticky":false,"template":"","format":"standard","meta":{"_acf_changed":false,"footnotes":""},"categories":[52],"tags":[],"class_list":["post-14138","post","type-post","status-publish","format-standard","has-post-thumbnail","hentry","category-nachricht"],"acf":[],"yoast_head":"<!-- This site is optimized with the Yoast SEO plugin v27.4 - https:\/\/yoast.com\/product\/yoast-seo-wordpress\/ -->\n<title>Viafoura | La Naci\u00f3n startet Viafoura&#039;s Conversations auf ihrer Plattform mit dem Ziel, Registrierungen und den zivilen Dialog zu f\u00f6rdern<\/title>\n<meta name=\"description\" content=\"La Naci\u00f3n, Argentiniens f\u00fchrende konservative Zeitung, hat die digitale Erlebnisplattform von Viafoura auf ihrer Website eingef\u00fchrt und dabei die\" \/>\n<meta name=\"robots\" content=\"index, follow, max-snippet:-1, max-image-preview:large, max-video-preview:-1\" \/>\n<link rel=\"canonical\" href=\"https:\/\/viafoura.com\/de\/blog\/la-nacion-startet-viafouras-conversations-auf-ihrer-plattform-mit-dem-ziel-registrierungen-und-den-zivilen-dialog-zu-foerdern\/\" \/>\n<meta property=\"og:locale\" content=\"de_DE\" \/>\n<meta property=\"og:type\" content=\"article\" \/>\n<meta property=\"og:title\" content=\"Viafoura | La Naci\u00f3n startet Viafoura&#039;s Conversations auf ihrer Plattform mit dem Ziel, Registrierungen und den zivilen Dialog zu f\u00f6rdern\" \/>\n<meta property=\"og:description\" content=\"La Naci\u00f3n, Argentiniens f\u00fchrende konservative Zeitung, hat die digitale Erlebnisplattform von Viafoura auf ihrer Website eingef\u00fchrt und dabei die\" \/>\n<meta property=\"og:url\" content=\"https:\/\/viafoura.com\/de\/blog\/la-nacion-startet-viafouras-conversations-auf-ihrer-plattform-mit-dem-ziel-registrierungen-und-den-zivilen-dialog-zu-foerdern\/\" \/>\n<meta property=\"og:site_name\" content=\"Viafoura\" \/>\n<meta property=\"article:publisher\" content=\"https:\/\/www.facebook.com\/viafoura\/\" \/>\n<meta property=\"article:published_time\" content=\"2022-02-07T14:26:18+00:00\" \/>\n<meta property=\"article:modified_time\" content=\"2025-07-25T20:51:48+00:00\" \/>\n<meta property=\"og:image\" content=\"https:\/\/viafoura.com\/wp-content\/uploads\/2025\/07\/woman-reading-online-news-on-digital-tablet-2021-08-26-23-02-52-utc-1-scaled-1.jpg\" \/>\n\t<meta property=\"og:image:width\" content=\"2560\" \/>\n\t<meta property=\"og:image:height\" content=\"1614\" \/>\n\t<meta property=\"og:image:type\" content=\"image\/jpeg\" \/>\n<meta name=\"twitter:card\" content=\"summary_large_image\" \/>\n<meta name=\"twitter:creator\" content=\"@viafoura\" \/>\n<meta name=\"twitter:site\" content=\"@viafoura\" \/>\n<meta name=\"twitter:label1\" content=\"Verfasst von\" \/>\n\t<meta name=\"twitter:data1\" content=\"eclipse\" \/>\n\t<meta name=\"twitter:label2\" content=\"Gesch\u00e4tzte Lesezeit\" \/>\n\t<meta name=\"twitter:data2\" content=\"2 Minuten\" \/>\n<script type=\"application\/ld+json\" class=\"yoast-schema-graph\">{\"@context\":\"https:\\\/\\\/schema.org\",\"@graph\":[{\"@type\":\"Article\",\"@id\":\"https:\\\/\\\/viafoura.com\\\/de\\\/blog\\\/la-nacion-startet-viafouras-conversations-auf-ihrer-plattform-mit-dem-ziel-registrierungen-und-den-zivilen-dialog-zu-foerdern\\\/#article\",\"isPartOf\":{\"@id\":\"https:\\\/\\\/viafoura.com\\\/de\\\/blog\\\/la-nacion-startet-viafouras-conversations-auf-ihrer-plattform-mit-dem-ziel-registrierungen-und-den-zivilen-dialog-zu-foerdern\\\/\"},\"author\":{\"name\":\"eclipse\",\"@id\":\"https:\\\/\\\/viafoura.com\\\/de\\\/#\\\/schema\\\/person\\\/54c2b5215a1e7903300554530e4779a1\"},\"headline\":\"La Naci\u00f3n startet Viafoura&#8217;s Conversations auf ihrer Plattform mit dem Ziel, Registrierungen und den zivilen Dialog zu f\u00f6rdern\",\"datePublished\":\"2022-02-07T14:26:18+00:00\",\"dateModified\":\"2025-07-25T20:51:48+00:00\",\"mainEntityOfPage\":{\"@id\":\"https:\\\/\\\/viafoura.com\\\/de\\\/blog\\\/la-nacion-startet-viafouras-conversations-auf-ihrer-plattform-mit-dem-ziel-registrierungen-und-den-zivilen-dialog-zu-foerdern\\\/\"},\"wordCount\":428,\"publisher\":{\"@id\":\"https:\\\/\\\/viafoura.com\\\/de\\\/#organization\"},\"image\":{\"@id\":\"https:\\\/\\\/viafoura.com\\\/de\\\/blog\\\/la-nacion-startet-viafouras-conversations-auf-ihrer-plattform-mit-dem-ziel-registrierungen-und-den-zivilen-dialog-zu-foerdern\\\/#primaryimage\"},\"thumbnailUrl\":\"https:\\\/\\\/viafoura.com\\\/wp-content\\\/uploads\\\/2025\\\/07\\\/woman-reading-online-news-on-digital-tablet-2021-08-26-23-02-52-utc-1-scaled-1.jpg\",\"articleSection\":[\"Nachricht\"],\"inLanguage\":\"de-DE\"},{\"@type\":\"WebPage\",\"@id\":\"https:\\\/\\\/viafoura.com\\\/de\\\/blog\\\/la-nacion-startet-viafouras-conversations-auf-ihrer-plattform-mit-dem-ziel-registrierungen-und-den-zivilen-dialog-zu-foerdern\\\/\",\"url\":\"https:\\\/\\\/viafoura.com\\\/de\\\/blog\\\/la-nacion-startet-viafouras-conversations-auf-ihrer-plattform-mit-dem-ziel-registrierungen-und-den-zivilen-dialog-zu-foerdern\\\/\",\"name\":\"Viafoura | La Naci\u00f3n startet Viafoura's Conversations auf ihrer Plattform mit dem Ziel, Registrierungen und den zivilen Dialog zu f\u00f6rdern\",\"isPartOf\":{\"@id\":\"https:\\\/\\\/viafoura.com\\\/de\\\/#website\"},\"primaryImageOfPage\":{\"@id\":\"https:\\\/\\\/viafoura.com\\\/de\\\/blog\\\/la-nacion-startet-viafouras-conversations-auf-ihrer-plattform-mit-dem-ziel-registrierungen-und-den-zivilen-dialog-zu-foerdern\\\/#primaryimage\"},\"image\":{\"@id\":\"https:\\\/\\\/viafoura.com\\\/de\\\/blog\\\/la-nacion-startet-viafouras-conversations-auf-ihrer-plattform-mit-dem-ziel-registrierungen-und-den-zivilen-dialog-zu-foerdern\\\/#primaryimage\"},\"thumbnailUrl\":\"https:\\\/\\\/viafoura.com\\\/wp-content\\\/uploads\\\/2025\\\/07\\\/woman-reading-online-news-on-digital-tablet-2021-08-26-23-02-52-utc-1-scaled-1.jpg\",\"datePublished\":\"2022-02-07T14:26:18+00:00\",\"dateModified\":\"2025-07-25T20:51:48+00:00\",\"description\":\"La Naci\u00f3n, Argentiniens f\u00fchrende konservative Zeitung, hat die digitale Erlebnisplattform von Viafoura auf ihrer Website eingef\u00fchrt und dabei die\",\"breadcrumb\":{\"@id\":\"https:\\\/\\\/viafoura.com\\\/de\\\/blog\\\/la-nacion-startet-viafouras-conversations-auf-ihrer-plattform-mit-dem-ziel-registrierungen-und-den-zivilen-dialog-zu-foerdern\\\/#breadcrumb\"},\"inLanguage\":\"de-DE\",\"potentialAction\":[{\"@type\":\"ReadAction\",\"target\":[\"https:\\\/\\\/viafoura.com\\\/de\\\/blog\\\/la-nacion-startet-viafouras-conversations-auf-ihrer-plattform-mit-dem-ziel-registrierungen-und-den-zivilen-dialog-zu-foerdern\\\/\"]}]},{\"@type\":\"ImageObject\",\"inLanguage\":\"de-DE\",\"@id\":\"https:\\\/\\\/viafoura.com\\\/de\\\/blog\\\/la-nacion-startet-viafouras-conversations-auf-ihrer-plattform-mit-dem-ziel-registrierungen-und-den-zivilen-dialog-zu-foerdern\\\/#primaryimage\",\"url\":\"https:\\\/\\\/viafoura.com\\\/wp-content\\\/uploads\\\/2025\\\/07\\\/woman-reading-online-news-on-digital-tablet-2021-08-26-23-02-52-utc-1-scaled-1.jpg\",\"contentUrl\":\"https:\\\/\\\/viafoura.com\\\/wp-content\\\/uploads\\\/2025\\\/07\\\/woman-reading-online-news-on-digital-tablet-2021-08-26-23-02-52-utc-1-scaled-1.jpg\",\"width\":2560,\"height\":1614},{\"@type\":\"BreadcrumbList\",\"@id\":\"https:\\\/\\\/viafoura.com\\\/de\\\/blog\\\/la-nacion-startet-viafouras-conversations-auf-ihrer-plattform-mit-dem-ziel-registrierungen-und-den-zivilen-dialog-zu-foerdern\\\/#breadcrumb\",\"itemListElement\":[{\"@type\":\"ListItem\",\"position\":1,\"name\":\"Home\",\"item\":\"https:\\\/\\\/viafoura.com\\\/de\\\/startseite\\\/\"},{\"@type\":\"ListItem\",\"position\":2,\"name\":\"La Naci\u00f3n startet Viafoura&#8217;s Conversations auf ihrer Plattform mit dem Ziel, Registrierungen und den zivilen Dialog zu f\u00f6rdern\"}]},{\"@type\":\"WebSite\",\"@id\":\"https:\\\/\\\/viafoura.com\\\/de\\\/#website\",\"url\":\"https:\\\/\\\/viafoura.com\\\/de\\\/\",\"name\":\"Viafoura\",\"description\":\"\",\"publisher\":{\"@id\":\"https:\\\/\\\/viafoura.com\\\/de\\\/#organization\"},\"potentialAction\":[{\"@type\":\"SearchAction\",\"target\":{\"@type\":\"EntryPoint\",\"urlTemplate\":\"https:\\\/\\\/viafoura.com\\\/de\\\/?s={search_term_string}\"},\"query-input\":{\"@type\":\"PropertyValueSpecification\",\"valueRequired\":true,\"valueName\":\"search_term_string\"}}],\"inLanguage\":\"de-DE\"},{\"@type\":\"Organization\",\"@id\":\"https:\\\/\\\/viafoura.com\\\/de\\\/#organization\",\"name\":\"Viafoura\",\"url\":\"https:\\\/\\\/viafoura.com\\\/de\\\/\",\"logo\":{\"@type\":\"ImageObject\",\"inLanguage\":\"de-DE\",\"@id\":\"https:\\\/\\\/viafoura.com\\\/de\\\/#\\\/schema\\\/logo\\\/image\\\/\",\"url\":\"https:\\\/\\\/viafoura.com\\\/wp-content\\\/uploads\\\/2025\\\/06\\\/Main-logo.svg\",\"contentUrl\":\"https:\\\/\\\/viafoura.com\\\/wp-content\\\/uploads\\\/2025\\\/06\\\/Main-logo.svg\",\"width\":1920,\"height\":383,\"caption\":\"Viafoura\"},\"image\":{\"@id\":\"https:\\\/\\\/viafoura.com\\\/de\\\/#\\\/schema\\\/logo\\\/image\\\/\"},\"sameAs\":[\"https:\\\/\\\/www.facebook.com\\\/viafoura\\\/\",\"https:\\\/\\\/x.com\\\/viafoura\",\"https:\\\/\\\/www.linkedin.com\\\/company\\\/viafoura\\\/\"]},{\"@type\":\"Person\",\"@id\":\"https:\\\/\\\/viafoura.com\\\/de\\\/#\\\/schema\\\/person\\\/54c2b5215a1e7903300554530e4779a1\",\"name\":\"eclipse\",\"image\":{\"@type\":\"ImageObject\",\"inLanguage\":\"de-DE\",\"@id\":\"https:\\\/\\\/secure.gravatar.com\\\/avatar\\\/a57eb78d56d01cafd540f163cbd4c579fb8c9fffb50c37d90cc94108dbdf7a0e?s=96&d=mm&r=g\",\"url\":\"https:\\\/\\\/secure.gravatar.com\\\/avatar\\\/a57eb78d56d01cafd540f163cbd4c579fb8c9fffb50c37d90cc94108dbdf7a0e?s=96&d=mm&r=g\",\"contentUrl\":\"https:\\\/\\\/secure.gravatar.com\\\/avatar\\\/a57eb78d56d01cafd540f163cbd4c579fb8c9fffb50c37d90cc94108dbdf7a0e?s=96&d=mm&r=g\",\"caption\":\"eclipse\"},\"sameAs\":[\"http:\\\/\\\/viafoura.com\"]}]}<\/script>\n<!-- \/ Yoast SEO plugin. -->","yoast_head_json":{"title":"Viafoura | La Naci\u00f3n startet Viafoura's Conversations auf ihrer Plattform mit dem Ziel, Registrierungen und den zivilen Dialog zu f\u00f6rdern","description":"La Naci\u00f3n, Argentiniens f\u00fchrende konservative Zeitung, hat die digitale Erlebnisplattform von Viafoura auf ihrer Website eingef\u00fchrt und dabei die","robots":{"index":"index","follow":"follow","max-snippet":"max-snippet:-1","max-image-preview":"max-image-preview:large","max-video-preview":"max-video-preview:-1"},"canonical":"https:\/\/viafoura.com\/de\/blog\/la-nacion-startet-viafouras-conversations-auf-ihrer-plattform-mit-dem-ziel-registrierungen-und-den-zivilen-dialog-zu-foerdern\/","og_locale":"de_DE","og_type":"article","og_title":"Viafoura | La Naci\u00f3n startet Viafoura's Conversations auf ihrer Plattform mit dem Ziel, Registrierungen und den zivilen Dialog zu f\u00f6rdern","og_description":"La Naci\u00f3n, Argentiniens f\u00fchrende konservative Zeitung, hat die digitale Erlebnisplattform von Viafoura auf ihrer Website eingef\u00fchrt und dabei die","og_url":"https:\/\/viafoura.com\/de\/blog\/la-nacion-startet-viafouras-conversations-auf-ihrer-plattform-mit-dem-ziel-registrierungen-und-den-zivilen-dialog-zu-foerdern\/","og_site_name":"Viafoura","article_publisher":"https:\/\/www.facebook.com\/viafoura\/","article_published_time":"2022-02-07T14:26:18+00:00","article_modified_time":"2025-07-25T20:51:48+00:00","og_image":[{"width":2560,"height":1614,"url":"https:\/\/viafoura.com\/wp-content\/uploads\/2025\/07\/woman-reading-online-news-on-digital-tablet-2021-08-26-23-02-52-utc-1-scaled-1.jpg","type":"image\/jpeg"}],"twitter_card":"summary_large_image","twitter_creator":"@viafoura","twitter_site":"@viafoura","twitter_misc":{"Verfasst von":"eclipse","Gesch\u00e4tzte Lesezeit":"2 Minuten"},"schema":{"@context":"https:\/\/schema.org","@graph":[{"@type":"Article","@id":"https:\/\/viafoura.com\/de\/blog\/la-nacion-startet-viafouras-conversations-auf-ihrer-plattform-mit-dem-ziel-registrierungen-und-den-zivilen-dialog-zu-foerdern\/#article","isPartOf":{"@id":"https:\/\/viafoura.com\/de\/blog\/la-nacion-startet-viafouras-conversations-auf-ihrer-plattform-mit-dem-ziel-registrierungen-und-den-zivilen-dialog-zu-foerdern\/"},"author":{"name":"eclipse","@id":"https:\/\/viafoura.com\/de\/#\/schema\/person\/54c2b5215a1e7903300554530e4779a1"},"headline":"La Naci\u00f3n startet Viafoura&#8217;s Conversations auf ihrer Plattform mit dem Ziel, Registrierungen und den zivilen Dialog zu f\u00f6rdern","datePublished":"2022-02-07T14:26:18+00:00","dateModified":"2025-07-25T20:51:48+00:00","mainEntityOfPage":{"@id":"https:\/\/viafoura.com\/de\/blog\/la-nacion-startet-viafouras-conversations-auf-ihrer-plattform-mit-dem-ziel-registrierungen-und-den-zivilen-dialog-zu-foerdern\/"},"wordCount":428,"publisher":{"@id":"https:\/\/viafoura.com\/de\/#organization"},"image":{"@id":"https:\/\/viafoura.com\/de\/blog\/la-nacion-startet-viafouras-conversations-auf-ihrer-plattform-mit-dem-ziel-registrierungen-und-den-zivilen-dialog-zu-foerdern\/#primaryimage"},"thumbnailUrl":"https:\/\/viafoura.com\/wp-content\/uploads\/2025\/07\/woman-reading-online-news-on-digital-tablet-2021-08-26-23-02-52-utc-1-scaled-1.jpg","articleSection":["Nachricht"],"inLanguage":"de-DE"},{"@type":"WebPage","@id":"https:\/\/viafoura.com\/de\/blog\/la-nacion-startet-viafouras-conversations-auf-ihrer-plattform-mit-dem-ziel-registrierungen-und-den-zivilen-dialog-zu-foerdern\/","url":"https:\/\/viafoura.com\/de\/blog\/la-nacion-startet-viafouras-conversations-auf-ihrer-plattform-mit-dem-ziel-registrierungen-und-den-zivilen-dialog-zu-foerdern\/","name":"Viafoura | La Naci\u00f3n startet Viafoura's Conversations auf ihrer Plattform mit dem Ziel, Registrierungen und den zivilen Dialog zu f\u00f6rdern","isPartOf":{"@id":"https:\/\/viafoura.com\/de\/#website"},"primaryImageOfPage":{"@id":"https:\/\/viafoura.com\/de\/blog\/la-nacion-startet-viafouras-conversations-auf-ihrer-plattform-mit-dem-ziel-registrierungen-und-den-zivilen-dialog-zu-foerdern\/#primaryimage"},"image":{"@id":"https:\/\/viafoura.com\/de\/blog\/la-nacion-startet-viafouras-conversations-auf-ihrer-plattform-mit-dem-ziel-registrierungen-und-den-zivilen-dialog-zu-foerdern\/#primaryimage"},"thumbnailUrl":"https:\/\/viafoura.com\/wp-content\/uploads\/2025\/07\/woman-reading-online-news-on-digital-tablet-2021-08-26-23-02-52-utc-1-scaled-1.jpg","datePublished":"2022-02-07T14:26:18+00:00","dateModified":"2025-07-25T20:51:48+00:00","description":"La Naci\u00f3n, Argentiniens f\u00fchrende konservative Zeitung, hat die digitale Erlebnisplattform von Viafoura auf ihrer Website eingef\u00fchrt und dabei die","breadcrumb":{"@id":"https:\/\/viafoura.com\/de\/blog\/la-nacion-startet-viafouras-conversations-auf-ihrer-plattform-mit-dem-ziel-registrierungen-und-den-zivilen-dialog-zu-foerdern\/#breadcrumb"},"inLanguage":"de-DE","potentialAction":[{"@type":"ReadAction","target":["https:\/\/viafoura.com\/de\/blog\/la-nacion-startet-viafouras-conversations-auf-ihrer-plattform-mit-dem-ziel-registrierungen-und-den-zivilen-dialog-zu-foerdern\/"]}]},{"@type":"ImageObject","inLanguage":"de-DE","@id":"https:\/\/viafoura.com\/de\/blog\/la-nacion-startet-viafouras-conversations-auf-ihrer-plattform-mit-dem-ziel-registrierungen-und-den-zivilen-dialog-zu-foerdern\/#primaryimage","url":"https:\/\/viafoura.com\/wp-content\/uploads\/2025\/07\/woman-reading-online-news-on-digital-tablet-2021-08-26-23-02-52-utc-1-scaled-1.jpg","contentUrl":"https:\/\/viafoura.com\/wp-content\/uploads\/2025\/07\/woman-reading-online-news-on-digital-tablet-2021-08-26-23-02-52-utc-1-scaled-1.jpg","width":2560,"height":1614},{"@type":"BreadcrumbList","@id":"https:\/\/viafoura.com\/de\/blog\/la-nacion-startet-viafouras-conversations-auf-ihrer-plattform-mit-dem-ziel-registrierungen-und-den-zivilen-dialog-zu-foerdern\/#breadcrumb","itemListElement":[{"@type":"ListItem","position":1,"name":"Home","item":"https:\/\/viafoura.com\/de\/startseite\/"},{"@type":"ListItem","position":2,"name":"La Naci\u00f3n startet Viafoura&#8217;s Conversations auf ihrer Plattform mit dem Ziel, Registrierungen und den zivilen Dialog zu f\u00f6rdern"}]},{"@type":"WebSite","@id":"https:\/\/viafoura.com\/de\/#website","url":"https:\/\/viafoura.com\/de\/","name":"Viafoura","description":"","publisher":{"@id":"https:\/\/viafoura.com\/de\/#organization"},"potentialAction":[{"@type":"SearchAction","target":{"@type":"EntryPoint","urlTemplate":"https:\/\/viafoura.com\/de\/?s={search_term_string}"},"query-input":{"@type":"PropertyValueSpecification","valueRequired":true,"valueName":"search_term_string"}}],"inLanguage":"de-DE"},{"@type":"Organization","@id":"https:\/\/viafoura.com\/de\/#organization","name":"Viafoura","url":"https:\/\/viafoura.com\/de\/","logo":{"@type":"ImageObject","inLanguage":"de-DE","@id":"https:\/\/viafoura.com\/de\/#\/schema\/logo\/image\/","url":"https:\/\/viafoura.com\/wp-content\/uploads\/2025\/06\/Main-logo.svg","contentUrl":"https:\/\/viafoura.com\/wp-content\/uploads\/2025\/06\/Main-logo.svg","width":1920,"height":383,"caption":"Viafoura"},"image":{"@id":"https:\/\/viafoura.com\/de\/#\/schema\/logo\/image\/"},"sameAs":["https:\/\/www.facebook.com\/viafoura\/","https:\/\/x.com\/viafoura","https:\/\/www.linkedin.com\/company\/viafoura\/"]},{"@type":"Person","@id":"https:\/\/viafoura.com\/de\/#\/schema\/person\/54c2b5215a1e7903300554530e4779a1","name":"eclipse","image":{"@type":"ImageObject","inLanguage":"de-DE","@id":"https:\/\/secure.gravatar.com\/avatar\/a57eb78d56d01cafd540f163cbd4c579fb8c9fffb50c37d90cc94108dbdf7a0e?s=96&d=mm&r=g","url":"https:\/\/secure.gravatar.com\/avatar\/a57eb78d56d01cafd540f163cbd4c579fb8c9fffb50c37d90cc94108dbdf7a0e?s=96&d=mm&r=g","contentUrl":"https:\/\/secure.gravatar.com\/avatar\/a57eb78d56d01cafd540f163cbd4c579fb8c9fffb50c37d90cc94108dbdf7a0e?s=96&d=mm&r=g","caption":"eclipse"},"sameAs":["http:\/\/viafoura.com"]}]}},"_links":{"self":[{"href":"https:\/\/viafoura.com\/de\/wp-json\/wp\/v2\/posts\/14138","targetHints":{"allow":["GET"]}}],"collection":[{"href":"https:\/\/viafoura.com\/de\/wp-json\/wp\/v2\/posts"}],"about":[{"href":"https:\/\/viafoura.com\/de\/wp-json\/wp\/v2\/types\/post"}],"author":[{"embeddable":true,"href":"https:\/\/viafoura.com\/de\/wp-json\/wp\/v2\/users\/1"}],"replies":[{"embeddable":true,"href":"https:\/\/viafoura.com\/de\/wp-json\/wp\/v2\/comments?post=14138"}],"version-history":[{"count":0,"href":"https:\/\/viafoura.com\/de\/wp-json\/wp\/v2\/posts\/14138\/revisions"}],"wp:featuredmedia":[{"embeddable":true,"href":"https:\/\/viafoura.com\/de\/wp-json\/wp\/v2\/media\/8635"}],"wp:attachment":[{"href":"https:\/\/viafoura.com\/de\/wp-json\/wp\/v2\/media?parent=14138"}],"wp:term":[{"taxonomy":"category","embeddable":true,"href":"https:\/\/viafoura.com\/de\/wp-json\/wp\/v2\/categories?post=14138"},{"taxonomy":"post_tag","embeddable":true,"href":"https:\/\/viafoura.com\/de\/wp-json\/wp\/v2\/tags?post=14138"}],"curies":[{"name":"wp","href":"https:\/\/api.w.org\/{rel}","templated":true}]}}