{"id":16917,"date":"2024-06-04T03:00:22","date_gmt":"2024-06-04T03:00:22","guid":{"rendered":"https:\/\/viafoura.com\/blog\/les-coops-de-linformation-kooperiert-mit-viafoura-fuer-ein-verstaerktes-digitales-engagement\/"},"modified":"2025-08-21T17:32:10","modified_gmt":"2025-08-21T17:32:10","slug":"les-coops-de-linformation-kooperiert-mit-viafoura-fuer-ein-verstaerktes-digitales-engagement","status":"publish","type":"post","link":"https:\/\/viafoura.com\/de\/blog\/les-coops-de-linformation-kooperiert-mit-viafoura-fuer-ein-verstaerktes-digitales-engagement\/","title":{"rendered":"Les Coops de L&#8217;Information kooperiert mit Viafoura f\u00fcr ein verst\u00e4rktes digitales Engagement"},"content":{"rendered":"<p><span style=\"font-weight: 400;\">Wir freuen uns sehr, Ihnen mitteilen zu k\u00f6nnen, dass Viafoura eine Partnerschaft mit  <\/span><a href=\"https:\/\/publicite.lescoops.ca\/en\/about\/\"><span style=\"font-weight: 400;\">Les Coops de l&#8217;information<\/span><\/a><span style=\"font-weight: 400;\">  um ihren gesch\u00e4tzten regionalen Medien ein verbessertes digitales Erlebnis zu bieten, darunter  <\/span><a href=\"https:\/\/www.ledroit.com\/\"><span style=\"font-weight: 400;\">  Le Droit<\/span><\/a><span style=\"font-weight: 400;\">,  <\/span><a href=\"https:\/\/www.lenouvelliste.ca\/\"><span style=\"font-weight: 400;\">Le Nouvelliste<\/span><\/a><span style=\"font-weight: 400;\">,  <\/span><a href=\"https:\/\/www.lequotidien.com\/\"><span style=\"font-weight: 400;\">Le Quotidien<\/span><\/a><span style=\"font-weight: 400;\">,  <\/span><a href=\"https:\/\/www.lesoleil.com\/\"><span style=\"font-weight: 400;\">Le Soleil<\/span><\/a><span style=\"font-weight: 400;\">,  <\/span><a href=\"https:\/\/www.latribune.ca\/\"><span style=\"font-weight: 400;\">La Tribune<\/span><\/a><span style=\"font-weight: 400;\">, und  <\/span><a href=\"https:\/\/www.lavoixdelest.ca\/\"><span style=\"font-weight: 400;\">La Voix de l&#8217;Est<\/span><\/a><span style=\"font-weight: 400;\">. Les Coops ist tief in ihren jeweiligen Gemeinden verwurzelt und spielt eine wichtige Rolle f\u00fcr das Wachstum und die Vitalit\u00e4t der Regionen, in denen sie t\u00e4tig sind.<\/span><\/p>\n<p><span style=\"font-weight: 400;\">Marc Gendron, Directeur Principal, Croissance Num\u00e9rique et \u00c9diteur bei Le Soleil, &amp; Kim Alarie, Coordonnatrice \u00e0 la croissance num\u00e9rique, betonten die wichtigste Herausforderung: <\/span><b><i>den Lebenszeitwert eines Nutzers zu verl\u00e4ngern und die Kundenzufriedenheit zu erh\u00f6hen.<\/i><\/b><\/p>\n<p><span style=\"font-weight: 400;\">Marc und Kim betonten die Bedeutung eines zuverl\u00e4ssigen Moderationsprozesses, der auf ihre speziellen Bed\u00fcrfnisse zugeschnitten ist.<\/span><\/p>\n<div class=\"wp-block-columns is-layout-flex wp-container-core-columns-is-layout-28f84493 wp-block-columns-is-layout-flex\"><div class=\"wp-block-column is-layout-flow wp-block-column-is-layout-flow\"><blockquote class=\"wp-block-quote is-layout-flow wp-block-quote-is-layout-flow\"><p>F\u00fcr uns war absolutes Vertrauen in den Moderationsprozess nicht verhandelbar. Es war wichtig, dass die mit der Moderation betrauten Personen flie\u00dfend Franz\u00f6sisch sprechen und die Feinheiten des Qu\u00e9becer Franz\u00f6sisch verstehen. Viafoura hat ein Moderationsteam in Montreal und betreut viele franz\u00f6sischsprachige Redaktionskunden. Und sie sind auch noch Kanadier! Das war genug, um uns das n\u00f6tige Vertrauen zu geben.    <\/p>\n<p>Marc Gendron | Kim Alarie<br\/>Directeur Principal, Croissance Num\u00e9rique et \u00c9diteur chez La Soleil | Coordonnatrice Croissance num\u00e9rique<\/p>\n<\/blockquote><\/div><div class=\"wp-block-column is-layout-flow wp-block-column-is-layout-flow\"><figure class=\"wp-block-image\"><img decoding=\"async\" src=\"https:\/\/viafoura.com\/wp-content\/uploads\/2025\/07\/Group-2-1.png\" alt=\"\"\/>\n<\/figure><\/div><\/div><p><span style=\"font-weight: 400;\">Unsere L\u00f6sung f\u00fcr Les Coops de l&#8217;information umfasst:<\/span> <\/p><ul> <li style=\"font-weight: 400;\" aria-level=\"1\"><a href=\"https:\/\/viafoura.com\/conversations\/\"><span style=\"font-weight: 400;\">Conversations<\/span><\/a><span style=\"font-weight: 400;\">:<\/span><span style=\"font-weight: 400;\"> Facilitating direct user interactions on their platforms.<\/span><\/li> <li style=\"font-weight: 400;\" aria-level=\"1\"><a href=\"https:\/\/viafoura.com\/content-moderation\/\"><span style=\"font-weight: 400;\">Full-Service Moderation<\/span><\/a><span style=\"font-weight: 400;\">: Ensuring safe and respectful community discussions with native French moderators.<\/span><\/li> <li style=\"font-weight: 400;\" aria-level=\"1\"><a href=\"https:\/\/viafoura.com\/engagement-starter\/\">Engagement Starter<\/a>: Kickstarting user interactions to build a vibrant community.<\/li> <\/ul> \n<p><span style=\"font-weight: 400;\">Leigh Adams, Leiterin der Moderation bei Viafoura, teilte ihre Begeisterung:  <\/span><i><span style=\"font-weight: 400;\">&#8222;Wir freuen uns sehr \u00fcber die Zusammenarbeit mit Les Coops de L&#8217;information! Unser Moderationsteam setzt sich daf\u00fcr ein, eine respektvolle und engagierte Community-Umgebung aufrechtzuerhalten. Angesichts unserer Erfahrung in der Moderation franz\u00f6sischsprachiger Inhalte und unseres Verst\u00e4ndnisses f\u00fcr die einzigartigen Nuancen des Qu\u00e9bec-Franz\u00f6sischen sind wir zuversichtlich, dass wir die Ziele der Coops de L&#8217;Information unterst\u00fctzen k\u00f6nnen, n\u00e4mlich sinnvolle Konversationen zu f\u00f6rdern und das Engagement der Nutzer zu steigern! <\/span><\/i><span style=\"font-weight: 400;\">&#8222;<\/span> <span style=\"font-weight: 400;\">Les Coops de L&#8217;information erwartet deutliche Verbesserungen beim digitalen Engagement. Marc und Kim \u00e4u\u00dferten ihre Erwartungen: &#8220; <\/span><i><span style=\"font-weight: 400;\">Wir hoffen, dass es uns helfen wird, eine Gemeinschaft rund um unsere Inhalte und Produkte aufzubauen. Wir hoffen auch, dass die Konversation auf unsere eigenen Seiten verlagert wird, statt auf die sozialen Plattformen Dritter. Dies wird in hohem Ma\u00dfe dazu beitragen, das Engagement zu steigern und die H\u00e4ufigkeit und das Volumen der Besuche und des Konsums von Inhalten zu erh\u00f6hen.&#8220;  <\/span><\/i> <span style=\"font-weight: 400;\">Wir freuen uns \u00fcber diese Partnerschaft und das verst\u00e4rkte digitale Engagement, das sie Les Coops de l&#8217;information bringen wird!<\/span><span style=\"font-weight: 400;\"> <\/span><\/p>\n","protected":false},"excerpt":{"rendered":"<p>Wir freuen uns sehr, Ihnen mitteilen zu k\u00f6nnen, dass Viafoura eine Partnerschaft mit Les Coops de l&#8217;information um ihren gesch\u00e4tzten regionalen Medien ein verbessertes digitales Erlebnis zu bieten, darunter Le Droit, Le Nouvelliste, Le Quotidien, Le Soleil, La Tribune, und La Voix de l&#8217;Est. Les Coops ist tief in ihren jeweiligen Gemeinden verwurzelt und spielt [&hellip;]<\/p>\n","protected":false},"author":1,"featured_media":10231,"comment_status":"closed","ping_status":"closed","sticky":false,"template":"","format":"standard","meta":{"_acf_changed":false,"footnotes":""},"categories":[122,72,51],"tags":[],"class_list":["post-16917","post","type-post","status-publish","format-standard","has-post-thumbnail","hentry","category-engagement-de","category-gemeinschaft","category-kunden"],"acf":[],"yoast_head":"<!-- This site is optimized with the Yoast SEO plugin v27.4 - https:\/\/yoast.com\/product\/yoast-seo-wordpress\/ -->\n<title>Viafoura | Les Coops de L&#039;Information kooperiert mit Viafoura f\u00fcr ein verst\u00e4rktes digitales Engagement<\/title>\n<meta name=\"description\" content=\"Wir freuen uns sehr, Ihnen mitteilen zu k\u00f6nnen, dass Viafoura eine Partnerschaft mit Les Coops de l&#039;information um ihren gesch\u00e4tzten regionalen Medien ein\" \/>\n<meta name=\"robots\" content=\"index, follow, max-snippet:-1, max-image-preview:large, max-video-preview:-1\" \/>\n<link rel=\"canonical\" href=\"https:\/\/viafoura.com\/de\/blog\/les-coops-de-linformation-kooperiert-mit-viafoura-fuer-ein-verstaerktes-digitales-engagement\/\" \/>\n<meta property=\"og:locale\" content=\"de_DE\" \/>\n<meta property=\"og:type\" content=\"article\" \/>\n<meta property=\"og:title\" content=\"Viafoura | Les Coops de L&#039;Information kooperiert mit Viafoura f\u00fcr ein verst\u00e4rktes digitales Engagement\" \/>\n<meta property=\"og:description\" content=\"Wir freuen uns sehr, Ihnen mitteilen zu k\u00f6nnen, dass Viafoura eine Partnerschaft mit Les Coops de l&#039;information um ihren gesch\u00e4tzten regionalen Medien ein\" \/>\n<meta property=\"og:url\" content=\"https:\/\/viafoura.com\/de\/blog\/les-coops-de-linformation-kooperiert-mit-viafoura-fuer-ein-verstaerktes-digitales-engagement\/\" \/>\n<meta property=\"og:site_name\" content=\"Viafoura\" \/>\n<meta property=\"article:publisher\" content=\"https:\/\/www.facebook.com\/viafoura\/\" \/>\n<meta property=\"article:published_time\" content=\"2024-06-04T03:00:22+00:00\" \/>\n<meta property=\"article:modified_time\" content=\"2025-08-21T17:32:10+00:00\" \/>\n<meta property=\"og:image\" content=\"https:\/\/viafoura.com\/wp-content\/uploads\/2025\/07\/Final-Les-Coops-de-LInformation-1.png\" \/>\n\t<meta property=\"og:image:width\" content=\"2560\" \/>\n\t<meta property=\"og:image:height\" content=\"980\" \/>\n\t<meta property=\"og:image:type\" content=\"image\/png\" \/>\n<meta name=\"twitter:card\" content=\"summary_large_image\" \/>\n<meta name=\"twitter:creator\" content=\"@viafoura\" \/>\n<meta name=\"twitter:site\" content=\"@viafoura\" \/>\n<meta name=\"twitter:label1\" content=\"Verfasst von\" \/>\n\t<meta name=\"twitter:data1\" content=\"eclipse\" \/>\n\t<meta name=\"twitter:label2\" content=\"Gesch\u00e4tzte Lesezeit\" \/>\n\t<meta name=\"twitter:data2\" content=\"2 Minuten\" \/>\n<script type=\"application\/ld+json\" class=\"yoast-schema-graph\">{\"@context\":\"https:\\\/\\\/schema.org\",\"@graph\":[{\"@type\":\"Article\",\"@id\":\"https:\\\/\\\/viafoura.com\\\/de\\\/blog\\\/les-coops-de-linformation-kooperiert-mit-viafoura-fuer-ein-verstaerktes-digitales-engagement\\\/#article\",\"isPartOf\":{\"@id\":\"https:\\\/\\\/viafoura.com\\\/de\\\/blog\\\/les-coops-de-linformation-kooperiert-mit-viafoura-fuer-ein-verstaerktes-digitales-engagement\\\/\"},\"author\":{\"name\":\"eclipse\",\"@id\":\"https:\\\/\\\/viafoura.com\\\/de\\\/#\\\/schema\\\/person\\\/54c2b5215a1e7903300554530e4779a1\"},\"headline\":\"Les Coops de L&#8217;Information kooperiert mit Viafoura f\u00fcr ein verst\u00e4rktes digitales Engagement\",\"datePublished\":\"2024-06-04T03:00:22+00:00\",\"dateModified\":\"2025-08-21T17:32:10+00:00\",\"mainEntityOfPage\":{\"@id\":\"https:\\\/\\\/viafoura.com\\\/de\\\/blog\\\/les-coops-de-linformation-kooperiert-mit-viafoura-fuer-ein-verstaerktes-digitales-engagement\\\/\"},\"wordCount\":460,\"publisher\":{\"@id\":\"https:\\\/\\\/viafoura.com\\\/de\\\/#organization\"},\"image\":{\"@id\":\"https:\\\/\\\/viafoura.com\\\/de\\\/blog\\\/les-coops-de-linformation-kooperiert-mit-viafoura-fuer-ein-verstaerktes-digitales-engagement\\\/#primaryimage\"},\"thumbnailUrl\":\"https:\\\/\\\/viafoura.com\\\/wp-content\\\/uploads\\\/2025\\\/07\\\/Final-Les-Coops-de-LInformation-1.png\",\"articleSection\":[\"Engagement\",\"Gemeinschaft\",\"Kunden\"],\"inLanguage\":\"de-DE\"},{\"@type\":\"WebPage\",\"@id\":\"https:\\\/\\\/viafoura.com\\\/de\\\/blog\\\/les-coops-de-linformation-kooperiert-mit-viafoura-fuer-ein-verstaerktes-digitales-engagement\\\/\",\"url\":\"https:\\\/\\\/viafoura.com\\\/de\\\/blog\\\/les-coops-de-linformation-kooperiert-mit-viafoura-fuer-ein-verstaerktes-digitales-engagement\\\/\",\"name\":\"Viafoura | Les Coops de L'Information kooperiert mit Viafoura f\u00fcr ein verst\u00e4rktes digitales Engagement\",\"isPartOf\":{\"@id\":\"https:\\\/\\\/viafoura.com\\\/de\\\/#website\"},\"primaryImageOfPage\":{\"@id\":\"https:\\\/\\\/viafoura.com\\\/de\\\/blog\\\/les-coops-de-linformation-kooperiert-mit-viafoura-fuer-ein-verstaerktes-digitales-engagement\\\/#primaryimage\"},\"image\":{\"@id\":\"https:\\\/\\\/viafoura.com\\\/de\\\/blog\\\/les-coops-de-linformation-kooperiert-mit-viafoura-fuer-ein-verstaerktes-digitales-engagement\\\/#primaryimage\"},\"thumbnailUrl\":\"https:\\\/\\\/viafoura.com\\\/wp-content\\\/uploads\\\/2025\\\/07\\\/Final-Les-Coops-de-LInformation-1.png\",\"datePublished\":\"2024-06-04T03:00:22+00:00\",\"dateModified\":\"2025-08-21T17:32:10+00:00\",\"description\":\"Wir freuen uns sehr, Ihnen mitteilen zu k\u00f6nnen, dass Viafoura eine Partnerschaft mit Les Coops de l'information um ihren gesch\u00e4tzten regionalen Medien ein\",\"breadcrumb\":{\"@id\":\"https:\\\/\\\/viafoura.com\\\/de\\\/blog\\\/les-coops-de-linformation-kooperiert-mit-viafoura-fuer-ein-verstaerktes-digitales-engagement\\\/#breadcrumb\"},\"inLanguage\":\"de-DE\",\"potentialAction\":[{\"@type\":\"ReadAction\",\"target\":[\"https:\\\/\\\/viafoura.com\\\/de\\\/blog\\\/les-coops-de-linformation-kooperiert-mit-viafoura-fuer-ein-verstaerktes-digitales-engagement\\\/\"]}]},{\"@type\":\"ImageObject\",\"inLanguage\":\"de-DE\",\"@id\":\"https:\\\/\\\/viafoura.com\\\/de\\\/blog\\\/les-coops-de-linformation-kooperiert-mit-viafoura-fuer-ein-verstaerktes-digitales-engagement\\\/#primaryimage\",\"url\":\"https:\\\/\\\/viafoura.com\\\/wp-content\\\/uploads\\\/2025\\\/07\\\/Final-Les-Coops-de-LInformation-1.png\",\"contentUrl\":\"https:\\\/\\\/viafoura.com\\\/wp-content\\\/uploads\\\/2025\\\/07\\\/Final-Les-Coops-de-LInformation-1.png\",\"width\":2560,\"height\":980},{\"@type\":\"BreadcrumbList\",\"@id\":\"https:\\\/\\\/viafoura.com\\\/de\\\/blog\\\/les-coops-de-linformation-kooperiert-mit-viafoura-fuer-ein-verstaerktes-digitales-engagement\\\/#breadcrumb\",\"itemListElement\":[{\"@type\":\"ListItem\",\"position\":1,\"name\":\"Home\",\"item\":\"https:\\\/\\\/viafoura.com\\\/de\\\/startseite\\\/\"},{\"@type\":\"ListItem\",\"position\":2,\"name\":\"Les Coops de L&#8217;Information kooperiert mit Viafoura f\u00fcr ein verst\u00e4rktes digitales Engagement\"}]},{\"@type\":\"WebSite\",\"@id\":\"https:\\\/\\\/viafoura.com\\\/de\\\/#website\",\"url\":\"https:\\\/\\\/viafoura.com\\\/de\\\/\",\"name\":\"Viafoura\",\"description\":\"\",\"publisher\":{\"@id\":\"https:\\\/\\\/viafoura.com\\\/de\\\/#organization\"},\"potentialAction\":[{\"@type\":\"SearchAction\",\"target\":{\"@type\":\"EntryPoint\",\"urlTemplate\":\"https:\\\/\\\/viafoura.com\\\/de\\\/?s={search_term_string}\"},\"query-input\":{\"@type\":\"PropertyValueSpecification\",\"valueRequired\":true,\"valueName\":\"search_term_string\"}}],\"inLanguage\":\"de-DE\"},{\"@type\":\"Organization\",\"@id\":\"https:\\\/\\\/viafoura.com\\\/de\\\/#organization\",\"name\":\"Viafoura\",\"url\":\"https:\\\/\\\/viafoura.com\\\/de\\\/\",\"logo\":{\"@type\":\"ImageObject\",\"inLanguage\":\"de-DE\",\"@id\":\"https:\\\/\\\/viafoura.com\\\/de\\\/#\\\/schema\\\/logo\\\/image\\\/\",\"url\":\"https:\\\/\\\/viafoura.com\\\/wp-content\\\/uploads\\\/2025\\\/06\\\/Main-logo.svg\",\"contentUrl\":\"https:\\\/\\\/viafoura.com\\\/wp-content\\\/uploads\\\/2025\\\/06\\\/Main-logo.svg\",\"width\":1920,\"height\":383,\"caption\":\"Viafoura\"},\"image\":{\"@id\":\"https:\\\/\\\/viafoura.com\\\/de\\\/#\\\/schema\\\/logo\\\/image\\\/\"},\"sameAs\":[\"https:\\\/\\\/www.facebook.com\\\/viafoura\\\/\",\"https:\\\/\\\/x.com\\\/viafoura\",\"https:\\\/\\\/www.linkedin.com\\\/company\\\/viafoura\\\/\"]},{\"@type\":\"Person\",\"@id\":\"https:\\\/\\\/viafoura.com\\\/de\\\/#\\\/schema\\\/person\\\/54c2b5215a1e7903300554530e4779a1\",\"name\":\"eclipse\",\"image\":{\"@type\":\"ImageObject\",\"inLanguage\":\"de-DE\",\"@id\":\"https:\\\/\\\/secure.gravatar.com\\\/avatar\\\/a57eb78d56d01cafd540f163cbd4c579fb8c9fffb50c37d90cc94108dbdf7a0e?s=96&d=mm&r=g\",\"url\":\"https:\\\/\\\/secure.gravatar.com\\\/avatar\\\/a57eb78d56d01cafd540f163cbd4c579fb8c9fffb50c37d90cc94108dbdf7a0e?s=96&d=mm&r=g\",\"contentUrl\":\"https:\\\/\\\/secure.gravatar.com\\\/avatar\\\/a57eb78d56d01cafd540f163cbd4c579fb8c9fffb50c37d90cc94108dbdf7a0e?s=96&d=mm&r=g\",\"caption\":\"eclipse\"},\"sameAs\":[\"http:\\\/\\\/viafoura.com\"]}]}<\/script>\n<!-- \/ Yoast SEO plugin. -->","yoast_head_json":{"title":"Viafoura | Les Coops de L'Information kooperiert mit Viafoura f\u00fcr ein verst\u00e4rktes digitales Engagement","description":"Wir freuen uns sehr, Ihnen mitteilen zu k\u00f6nnen, dass Viafoura eine Partnerschaft mit Les Coops de l'information um ihren gesch\u00e4tzten regionalen Medien ein","robots":{"index":"index","follow":"follow","max-snippet":"max-snippet:-1","max-image-preview":"max-image-preview:large","max-video-preview":"max-video-preview:-1"},"canonical":"https:\/\/viafoura.com\/de\/blog\/les-coops-de-linformation-kooperiert-mit-viafoura-fuer-ein-verstaerktes-digitales-engagement\/","og_locale":"de_DE","og_type":"article","og_title":"Viafoura | Les Coops de L'Information kooperiert mit Viafoura f\u00fcr ein verst\u00e4rktes digitales Engagement","og_description":"Wir freuen uns sehr, Ihnen mitteilen zu k\u00f6nnen, dass Viafoura eine Partnerschaft mit Les Coops de l'information um ihren gesch\u00e4tzten regionalen Medien ein","og_url":"https:\/\/viafoura.com\/de\/blog\/les-coops-de-linformation-kooperiert-mit-viafoura-fuer-ein-verstaerktes-digitales-engagement\/","og_site_name":"Viafoura","article_publisher":"https:\/\/www.facebook.com\/viafoura\/","article_published_time":"2024-06-04T03:00:22+00:00","article_modified_time":"2025-08-21T17:32:10+00:00","og_image":[{"width":2560,"height":980,"url":"https:\/\/viafoura.com\/wp-content\/uploads\/2025\/07\/Final-Les-Coops-de-LInformation-1.png","type":"image\/png"}],"twitter_card":"summary_large_image","twitter_creator":"@viafoura","twitter_site":"@viafoura","twitter_misc":{"Verfasst von":"eclipse","Gesch\u00e4tzte Lesezeit":"2 Minuten"},"schema":{"@context":"https:\/\/schema.org","@graph":[{"@type":"Article","@id":"https:\/\/viafoura.com\/de\/blog\/les-coops-de-linformation-kooperiert-mit-viafoura-fuer-ein-verstaerktes-digitales-engagement\/#article","isPartOf":{"@id":"https:\/\/viafoura.com\/de\/blog\/les-coops-de-linformation-kooperiert-mit-viafoura-fuer-ein-verstaerktes-digitales-engagement\/"},"author":{"name":"eclipse","@id":"https:\/\/viafoura.com\/de\/#\/schema\/person\/54c2b5215a1e7903300554530e4779a1"},"headline":"Les Coops de L&#8217;Information kooperiert mit Viafoura f\u00fcr ein verst\u00e4rktes digitales Engagement","datePublished":"2024-06-04T03:00:22+00:00","dateModified":"2025-08-21T17:32:10+00:00","mainEntityOfPage":{"@id":"https:\/\/viafoura.com\/de\/blog\/les-coops-de-linformation-kooperiert-mit-viafoura-fuer-ein-verstaerktes-digitales-engagement\/"},"wordCount":460,"publisher":{"@id":"https:\/\/viafoura.com\/de\/#organization"},"image":{"@id":"https:\/\/viafoura.com\/de\/blog\/les-coops-de-linformation-kooperiert-mit-viafoura-fuer-ein-verstaerktes-digitales-engagement\/#primaryimage"},"thumbnailUrl":"https:\/\/viafoura.com\/wp-content\/uploads\/2025\/07\/Final-Les-Coops-de-LInformation-1.png","articleSection":["Engagement","Gemeinschaft","Kunden"],"inLanguage":"de-DE"},{"@type":"WebPage","@id":"https:\/\/viafoura.com\/de\/blog\/les-coops-de-linformation-kooperiert-mit-viafoura-fuer-ein-verstaerktes-digitales-engagement\/","url":"https:\/\/viafoura.com\/de\/blog\/les-coops-de-linformation-kooperiert-mit-viafoura-fuer-ein-verstaerktes-digitales-engagement\/","name":"Viafoura | Les Coops de L'Information kooperiert mit Viafoura f\u00fcr ein verst\u00e4rktes digitales Engagement","isPartOf":{"@id":"https:\/\/viafoura.com\/de\/#website"},"primaryImageOfPage":{"@id":"https:\/\/viafoura.com\/de\/blog\/les-coops-de-linformation-kooperiert-mit-viafoura-fuer-ein-verstaerktes-digitales-engagement\/#primaryimage"},"image":{"@id":"https:\/\/viafoura.com\/de\/blog\/les-coops-de-linformation-kooperiert-mit-viafoura-fuer-ein-verstaerktes-digitales-engagement\/#primaryimage"},"thumbnailUrl":"https:\/\/viafoura.com\/wp-content\/uploads\/2025\/07\/Final-Les-Coops-de-LInformation-1.png","datePublished":"2024-06-04T03:00:22+00:00","dateModified":"2025-08-21T17:32:10+00:00","description":"Wir freuen uns sehr, Ihnen mitteilen zu k\u00f6nnen, dass Viafoura eine Partnerschaft mit Les Coops de l'information um ihren gesch\u00e4tzten regionalen Medien ein","breadcrumb":{"@id":"https:\/\/viafoura.com\/de\/blog\/les-coops-de-linformation-kooperiert-mit-viafoura-fuer-ein-verstaerktes-digitales-engagement\/#breadcrumb"},"inLanguage":"de-DE","potentialAction":[{"@type":"ReadAction","target":["https:\/\/viafoura.com\/de\/blog\/les-coops-de-linformation-kooperiert-mit-viafoura-fuer-ein-verstaerktes-digitales-engagement\/"]}]},{"@type":"ImageObject","inLanguage":"de-DE","@id":"https:\/\/viafoura.com\/de\/blog\/les-coops-de-linformation-kooperiert-mit-viafoura-fuer-ein-verstaerktes-digitales-engagement\/#primaryimage","url":"https:\/\/viafoura.com\/wp-content\/uploads\/2025\/07\/Final-Les-Coops-de-LInformation-1.png","contentUrl":"https:\/\/viafoura.com\/wp-content\/uploads\/2025\/07\/Final-Les-Coops-de-LInformation-1.png","width":2560,"height":980},{"@type":"BreadcrumbList","@id":"https:\/\/viafoura.com\/de\/blog\/les-coops-de-linformation-kooperiert-mit-viafoura-fuer-ein-verstaerktes-digitales-engagement\/#breadcrumb","itemListElement":[{"@type":"ListItem","position":1,"name":"Home","item":"https:\/\/viafoura.com\/de\/startseite\/"},{"@type":"ListItem","position":2,"name":"Les Coops de L&#8217;Information kooperiert mit Viafoura f\u00fcr ein verst\u00e4rktes digitales Engagement"}]},{"@type":"WebSite","@id":"https:\/\/viafoura.com\/de\/#website","url":"https:\/\/viafoura.com\/de\/","name":"Viafoura","description":"","publisher":{"@id":"https:\/\/viafoura.com\/de\/#organization"},"potentialAction":[{"@type":"SearchAction","target":{"@type":"EntryPoint","urlTemplate":"https:\/\/viafoura.com\/de\/?s={search_term_string}"},"query-input":{"@type":"PropertyValueSpecification","valueRequired":true,"valueName":"search_term_string"}}],"inLanguage":"de-DE"},{"@type":"Organization","@id":"https:\/\/viafoura.com\/de\/#organization","name":"Viafoura","url":"https:\/\/viafoura.com\/de\/","logo":{"@type":"ImageObject","inLanguage":"de-DE","@id":"https:\/\/viafoura.com\/de\/#\/schema\/logo\/image\/","url":"https:\/\/viafoura.com\/wp-content\/uploads\/2025\/06\/Main-logo.svg","contentUrl":"https:\/\/viafoura.com\/wp-content\/uploads\/2025\/06\/Main-logo.svg","width":1920,"height":383,"caption":"Viafoura"},"image":{"@id":"https:\/\/viafoura.com\/de\/#\/schema\/logo\/image\/"},"sameAs":["https:\/\/www.facebook.com\/viafoura\/","https:\/\/x.com\/viafoura","https:\/\/www.linkedin.com\/company\/viafoura\/"]},{"@type":"Person","@id":"https:\/\/viafoura.com\/de\/#\/schema\/person\/54c2b5215a1e7903300554530e4779a1","name":"eclipse","image":{"@type":"ImageObject","inLanguage":"de-DE","@id":"https:\/\/secure.gravatar.com\/avatar\/a57eb78d56d01cafd540f163cbd4c579fb8c9fffb50c37d90cc94108dbdf7a0e?s=96&d=mm&r=g","url":"https:\/\/secure.gravatar.com\/avatar\/a57eb78d56d01cafd540f163cbd4c579fb8c9fffb50c37d90cc94108dbdf7a0e?s=96&d=mm&r=g","contentUrl":"https:\/\/secure.gravatar.com\/avatar\/a57eb78d56d01cafd540f163cbd4c579fb8c9fffb50c37d90cc94108dbdf7a0e?s=96&d=mm&r=g","caption":"eclipse"},"sameAs":["http:\/\/viafoura.com"]}]}},"_links":{"self":[{"href":"https:\/\/viafoura.com\/de\/wp-json\/wp\/v2\/posts\/16917","targetHints":{"allow":["GET"]}}],"collection":[{"href":"https:\/\/viafoura.com\/de\/wp-json\/wp\/v2\/posts"}],"about":[{"href":"https:\/\/viafoura.com\/de\/wp-json\/wp\/v2\/types\/post"}],"author":[{"embeddable":true,"href":"https:\/\/viafoura.com\/de\/wp-json\/wp\/v2\/users\/1"}],"replies":[{"embeddable":true,"href":"https:\/\/viafoura.com\/de\/wp-json\/wp\/v2\/comments?post=16917"}],"version-history":[{"count":0,"href":"https:\/\/viafoura.com\/de\/wp-json\/wp\/v2\/posts\/16917\/revisions"}],"wp:featuredmedia":[{"embeddable":true,"href":"https:\/\/viafoura.com\/de\/wp-json\/wp\/v2\/media\/10231"}],"wp:attachment":[{"href":"https:\/\/viafoura.com\/de\/wp-json\/wp\/v2\/media?parent=16917"}],"wp:term":[{"taxonomy":"category","embeddable":true,"href":"https:\/\/viafoura.com\/de\/wp-json\/wp\/v2\/categories?post=16917"},{"taxonomy":"post_tag","embeddable":true,"href":"https:\/\/viafoura.com\/de\/wp-json\/wp\/v2\/tags?post=16917"}],"curies":[{"name":"wp","href":"https:\/\/api.w.org\/{rel}","templated":true}]}}