{"id":16916,"date":"2024-06-04T03:00:22","date_gmt":"2024-06-04T03:00:22","guid":{"rendered":"https:\/\/viafoura.com\/blog\/les-coops-de-linformation-sassocient-a-viafoura-pour-un-engagement-numerique-renforce\/"},"modified":"2025-08-21T17:32:09","modified_gmt":"2025-08-21T17:32:09","slug":"les-coops-de-linformation-sassocient-a-viafoura-pour-un-engagement-numerique-renforce","status":"publish","type":"post","link":"https:\/\/viafoura.com\/fr\/blog\/les-coops-de-linformation-sassocient-a-viafoura-pour-un-engagement-numerique-renforce\/","title":{"rendered":"Les Coops de L&rsquo;Information s&rsquo;associent \u00e0 Viafoura pour un engagement num\u00e9rique renforc\u00e9"},"content":{"rendered":"<p><span style=\"font-weight: 400;\">Nous sommes ravis d&rsquo;annoncer que Viafoura s&rsquo;est associ\u00e9 \u00e0  <\/span><a href=\"https:\/\/publicite.lescoops.ca\/en\/about\/\"><span style=\"font-weight: 400;\">Les Coops de l&rsquo;information<\/span><\/a><span style=\"font-weight: 400;\">  afin d&rsquo;offrir une exp\u00e9rience num\u00e9rique enrichie \u00e0 leurs m\u00e9dias r\u00e9gionaux r\u00e9put\u00e9s, notamment  <\/span><a href=\"https:\/\/www.ledroit.com\/\"><span style=\"font-weight: 400;\">  Le Droit<\/span><\/a><span style=\"font-weight: 400;\">,  <\/span><a href=\"https:\/\/www.lenouvelliste.ca\/\"><span style=\"font-weight: 400;\">Le Nouvelliste<\/span><\/a><span style=\"font-weight: 400;\">,  <\/span><a href=\"https:\/\/www.lequotidien.com\/\"><span style=\"font-weight: 400;\">Le Quotidien<\/span><\/a><span style=\"font-weight: 400;\">,  <\/span><a href=\"https:\/\/www.lesoleil.com\/\"><span style=\"font-weight: 400;\">Le Soleil<\/span><\/a><span style=\"font-weight: 400;\">,  <\/span><a href=\"https:\/\/www.latribune.ca\/\"><span style=\"font-weight: 400;\">La Tribune<\/span><\/a><span style=\"font-weight: 400;\">et  <\/span><a href=\"https:\/\/www.lavoixdelest.ca\/\"><span style=\"font-weight: 400;\">La Voix de l&rsquo;Est<\/span><\/a><span style=\"font-weight: 400;\">. Les Coops sont profond\u00e9ment enracin\u00e9es dans leurs communaut\u00e9s respectives et jouent un r\u00f4le vital dans la croissance et la vitalit\u00e9 des r\u00e9gions qu&rsquo;elles desservent.<\/span><\/p>\n<p><span style=\"font-weight: 400;\">Marc Gendron, Directeur Principal, Croissance Num\u00e9rique et \u00c9diteur chez Le Soleil, &amp; Kim Alarie, Coordonnatrice \u00e0 la croissance num\u00e9rique, ont mis en \u00e9vidence le principal d\u00e9fi : <\/span><b><i>prolonger la valeur de vie d&rsquo;un utilisateur et am\u00e9liorer la satisfaction du client.<\/i><\/b><\/p>\n<p><span style=\"font-weight: 400;\">Marc et Kim ont soulign\u00e9 l&rsquo;importance d&rsquo;un processus de mod\u00e9ration fiable et adapt\u00e9 \u00e0 leurs besoins sp\u00e9cifiques.<\/span><\/p>\n<div class=\"wp-block-columns is-layout-flex wp-container-core-columns-is-layout-28f84493 wp-block-columns-is-layout-flex\"><div class=\"wp-block-column is-layout-flow wp-block-column-is-layout-flow\"><blockquote class=\"wp-block-quote is-layout-flow wp-block-quote-is-layout-flow\"><p>Pour nous, une confiance totale dans le processus de mod\u00e9ration n&rsquo;\u00e9tait pas n\u00e9gociable. Il \u00e9tait essentiel que les personnes charg\u00e9es de la mod\u00e9ration parlent couramment le fran\u00e7ais et comprennent les subtilit\u00e9s du fran\u00e7ais du Qu\u00e9bec. Viafoura dispose d&rsquo;une \u00e9quipe de mod\u00e9ration bas\u00e9e \u00e0 Montr\u00e9al et sert de nombreux clients \u00e9ditoriaux francophones. Et ce sont aussi des compatriotes canadiens ! Cela a suffi \u00e0 nous donner la confiance n\u00e9cessaire.    <\/p>\n<p>Marc Gendron | Kim Alarie<br\/>Directeur Principal, Croissance Num\u00e9rique et \u00c9diteur chez La Soleil | Coordonnatrice Croissance num\u00e9rique<\/p>\n<\/blockquote><\/div><div class=\"wp-block-column is-layout-flow wp-block-column-is-layout-flow\"><figure class=\"wp-block-image\"><img decoding=\"async\" src=\"https:\/\/viafoura.com\/wp-content\/uploads\/2025\/07\/Group-2-1.png\" alt=\"\"\/>\n<\/figure><\/div><\/div><p><span style=\"font-weight: 400;\">Notre solution pour Les Coops de l&rsquo;information comprend :<\/span> <\/p><ul> <li style=\"font-weight: 400;\" aria-level=\"1\"><a href=\"https:\/\/viafoura.com\/conversations\/\"><span style=\"font-weight: 400;\">Conversations<\/span><\/a><span style=\"font-weight: 400;\">:<\/span><span style=\"font-weight: 400;\"> Facilitating direct user interactions on their platforms.<\/span><\/li> <li style=\"font-weight: 400;\" aria-level=\"1\"><a href=\"https:\/\/viafoura.com\/content-moderation\/\"><span style=\"font-weight: 400;\">Full-Service Moderation<\/span><\/a><span style=\"font-weight: 400;\">: Ensuring safe and respectful community discussions with native French moderators.<\/span><\/li> <li style=\"font-weight: 400;\" aria-level=\"1\"><a href=\"https:\/\/viafoura.com\/engagement-starter\/\">Engagement Starter<\/a>: Kickstarting user interactions to build a vibrant community.<\/li> <\/ul> \n<p><span style=\"font-weight: 400;\">Leigh Adams, responsable de la mod\u00e9ration \u00e0 Viafoura, a partag\u00e9 son enthousiasme :  <\/span><i><span style=\"font-weight: 400;\">\u00ab\u00a0Nous sommes ravis de travailler avec Les Coops de L&rsquo;information ! Notre \u00e9quipe de mod\u00e9ration s&rsquo;engage \u00e0 maintenir un environnement communautaire respectueux et engageant, et compte tenu de notre expertise dans la mod\u00e9ration de contenu en langue fran\u00e7aise et de notre compr\u00e9hension des nuances uniques du fran\u00e7ais qu\u00e9b\u00e9cois, nous sommes confiants dans notre capacit\u00e9 \u00e0 soutenir leurs objectifs de favoriser des conversations significatives et d&rsquo;am\u00e9liorer l&rsquo;engagement des utilisateurs ! <\/span><\/i><span style=\"font-weight: 400;\">\u00ab\u00a0<\/span> <span style=\"font-weight: 400;\">Les Coops de L&rsquo;information pr\u00e9voient des am\u00e9liorations significatives en mati\u00e8re d&rsquo;engagement num\u00e9rique. Marc et Kim ont exprim\u00e9 leurs attentes : \u00a0\u00bb <\/span><i><span style=\"font-weight: 400;\">Nous esp\u00e9rons que cela nous aidera \u00e0 construire une communaut\u00e9 autour de nos contenus et de nos produits. Nous esp\u00e9rons \u00e9galement que la conversation sera transf\u00e9r\u00e9e sur nos propres propri\u00e9t\u00e9s au lieu de se produire sur des plateformes sociales tierces. Cela contribuera fortement \u00e0 stimuler l&rsquo;engagement et \u00e0 augmenter la r\u00e9currence, la fr\u00e9quence et le volume des visites et de la consommation de contenu\u00a0\u00bb.  <\/span><\/i> <span style=\"font-weight: 400;\">Nous sommes ravis de ce partenariat et de l&rsquo;engagement num\u00e9rique accru qu&rsquo;il apportera aux Coops de l&rsquo;information !<\/span><span style=\"font-weight: 400;\"> <\/span><\/p>\n","protected":false},"excerpt":{"rendered":"<p>Nous sommes ravis d&rsquo;annoncer que Viafoura s&rsquo;est associ\u00e9 \u00e0 Les Coops de l&rsquo;information afin d&rsquo;offrir une exp\u00e9rience num\u00e9rique enrichie \u00e0 leurs m\u00e9dias r\u00e9gionaux r\u00e9put\u00e9s, notamment Le Droit, Le Nouvelliste, Le Quotidien, Le Soleil, La Tribuneet La Voix de l&rsquo;Est. Les Coops sont profond\u00e9ment enracin\u00e9es dans leurs communaut\u00e9s respectives et jouent un r\u00f4le vital dans la [&hellip;]<\/p>\n","protected":false},"author":1,"featured_media":10230,"comment_status":"closed","ping_status":"closed","sticky":false,"template":"","format":"standard","meta":{"_acf_changed":false,"footnotes":""},"categories":[76,121,55],"tags":[],"class_list":["post-16916","post","type-post","status-publish","format-standard","has-post-thumbnail","hentry","category-communaute","category-engagement-fr","category-les-clients"],"acf":[],"yoast_head":"<!-- This site is optimized with the Yoast SEO plugin v27.4 - https:\/\/yoast.com\/product\/yoast-seo-wordpress\/ -->\n<title>Viafoura | Les Coops de L&#039;Information s&#039;associent \u00e0 Viafoura pour un engagement num\u00e9rique renforc\u00e9<\/title>\n<meta name=\"description\" content=\"Nous sommes ravis d&#039;annoncer que Viafoura s&#039;est associ\u00e9 \u00e0 Les Coops de l&#039;information afin d&#039;offrir une exp\u00e9rience num\u00e9rique enrichie \u00e0 leurs m\u00e9dias\" \/>\n<meta name=\"robots\" content=\"index, follow, max-snippet:-1, max-image-preview:large, max-video-preview:-1\" \/>\n<link rel=\"canonical\" href=\"https:\/\/viafoura.com\/fr\/blog\/les-coops-de-linformation-sassocient-a-viafoura-pour-un-engagement-numerique-renforce\/\" \/>\n<meta property=\"og:locale\" content=\"fr_FR\" \/>\n<meta property=\"og:type\" content=\"article\" \/>\n<meta property=\"og:title\" content=\"Viafoura | Les Coops de L&#039;Information s&#039;associent \u00e0 Viafoura pour un engagement num\u00e9rique renforc\u00e9\" \/>\n<meta property=\"og:description\" content=\"Nous sommes ravis d&#039;annoncer que Viafoura s&#039;est associ\u00e9 \u00e0 Les Coops de l&#039;information afin d&#039;offrir une exp\u00e9rience num\u00e9rique enrichie \u00e0 leurs m\u00e9dias\" \/>\n<meta property=\"og:url\" content=\"https:\/\/viafoura.com\/fr\/blog\/les-coops-de-linformation-sassocient-a-viafoura-pour-un-engagement-numerique-renforce\/\" \/>\n<meta property=\"og:site_name\" content=\"Viafoura\" \/>\n<meta property=\"article:publisher\" content=\"https:\/\/www.facebook.com\/viafoura\/\" \/>\n<meta property=\"article:published_time\" content=\"2024-06-04T03:00:22+00:00\" \/>\n<meta property=\"article:modified_time\" content=\"2025-08-21T17:32:09+00:00\" \/>\n<meta property=\"og:image\" content=\"https:\/\/viafoura.com\/wp-content\/uploads\/2025\/07\/Final-Les-Coops-de-LInformation-1.png\" \/>\n\t<meta property=\"og:image:width\" content=\"2560\" \/>\n\t<meta property=\"og:image:height\" content=\"980\" \/>\n\t<meta property=\"og:image:type\" content=\"image\/png\" \/>\n<meta name=\"twitter:card\" content=\"summary_large_image\" \/>\n<meta name=\"twitter:creator\" content=\"@viafoura\" \/>\n<meta name=\"twitter:site\" content=\"@viafoura\" \/>\n<meta name=\"twitter:label1\" content=\"\u00c9crit par\" \/>\n\t<meta name=\"twitter:data1\" content=\"eclipse\" \/>\n\t<meta name=\"twitter:label2\" content=\"Dur\u00e9e de lecture estim\u00e9e\" \/>\n\t<meta name=\"twitter:data2\" content=\"2 minutes\" \/>\n<script type=\"application\/ld+json\" class=\"yoast-schema-graph\">{\"@context\":\"https:\\\/\\\/schema.org\",\"@graph\":[{\"@type\":\"Article\",\"@id\":\"https:\\\/\\\/viafoura.com\\\/fr\\\/blog\\\/les-coops-de-linformation-sassocient-a-viafoura-pour-un-engagement-numerique-renforce\\\/#article\",\"isPartOf\":{\"@id\":\"https:\\\/\\\/viafoura.com\\\/fr\\\/blog\\\/les-coops-de-linformation-sassocient-a-viafoura-pour-un-engagement-numerique-renforce\\\/\"},\"author\":{\"name\":\"eclipse\",\"@id\":\"https:\\\/\\\/viafoura.com\\\/fr\\\/#\\\/schema\\\/person\\\/54c2b5215a1e7903300554530e4779a1\"},\"headline\":\"Les Coops de L&rsquo;Information s&rsquo;associent \u00e0 Viafoura pour un engagement num\u00e9rique renforc\u00e9\",\"datePublished\":\"2024-06-04T03:00:22+00:00\",\"dateModified\":\"2025-08-21T17:32:09+00:00\",\"mainEntityOfPage\":{\"@id\":\"https:\\\/\\\/viafoura.com\\\/fr\\\/blog\\\/les-coops-de-linformation-sassocient-a-viafoura-pour-un-engagement-numerique-renforce\\\/\"},\"wordCount\":496,\"publisher\":{\"@id\":\"https:\\\/\\\/viafoura.com\\\/fr\\\/#organization\"},\"image\":{\"@id\":\"https:\\\/\\\/viafoura.com\\\/fr\\\/blog\\\/les-coops-de-linformation-sassocient-a-viafoura-pour-un-engagement-numerique-renforce\\\/#primaryimage\"},\"thumbnailUrl\":\"https:\\\/\\\/viafoura.com\\\/wp-content\\\/uploads\\\/2025\\\/07\\\/Final-Les-Coops-de-LInformation-1.png\",\"articleSection\":[\"Communaut\u00e9\",\"Engagement\",\"Les clients\"],\"inLanguage\":\"fr-FR\"},{\"@type\":\"WebPage\",\"@id\":\"https:\\\/\\\/viafoura.com\\\/fr\\\/blog\\\/les-coops-de-linformation-sassocient-a-viafoura-pour-un-engagement-numerique-renforce\\\/\",\"url\":\"https:\\\/\\\/viafoura.com\\\/fr\\\/blog\\\/les-coops-de-linformation-sassocient-a-viafoura-pour-un-engagement-numerique-renforce\\\/\",\"name\":\"Viafoura | Les Coops de L'Information s'associent \u00e0 Viafoura pour un engagement num\u00e9rique renforc\u00e9\",\"isPartOf\":{\"@id\":\"https:\\\/\\\/viafoura.com\\\/fr\\\/#website\"},\"primaryImageOfPage\":{\"@id\":\"https:\\\/\\\/viafoura.com\\\/fr\\\/blog\\\/les-coops-de-linformation-sassocient-a-viafoura-pour-un-engagement-numerique-renforce\\\/#primaryimage\"},\"image\":{\"@id\":\"https:\\\/\\\/viafoura.com\\\/fr\\\/blog\\\/les-coops-de-linformation-sassocient-a-viafoura-pour-un-engagement-numerique-renforce\\\/#primaryimage\"},\"thumbnailUrl\":\"https:\\\/\\\/viafoura.com\\\/wp-content\\\/uploads\\\/2025\\\/07\\\/Final-Les-Coops-de-LInformation-1.png\",\"datePublished\":\"2024-06-04T03:00:22+00:00\",\"dateModified\":\"2025-08-21T17:32:09+00:00\",\"description\":\"Nous sommes ravis d'annoncer que Viafoura s'est associ\u00e9 \u00e0 Les Coops de l'information afin d'offrir une exp\u00e9rience num\u00e9rique enrichie \u00e0 leurs m\u00e9dias\",\"breadcrumb\":{\"@id\":\"https:\\\/\\\/viafoura.com\\\/fr\\\/blog\\\/les-coops-de-linformation-sassocient-a-viafoura-pour-un-engagement-numerique-renforce\\\/#breadcrumb\"},\"inLanguage\":\"fr-FR\",\"potentialAction\":[{\"@type\":\"ReadAction\",\"target\":[\"https:\\\/\\\/viafoura.com\\\/fr\\\/blog\\\/les-coops-de-linformation-sassocient-a-viafoura-pour-un-engagement-numerique-renforce\\\/\"]}]},{\"@type\":\"ImageObject\",\"inLanguage\":\"fr-FR\",\"@id\":\"https:\\\/\\\/viafoura.com\\\/fr\\\/blog\\\/les-coops-de-linformation-sassocient-a-viafoura-pour-un-engagement-numerique-renforce\\\/#primaryimage\",\"url\":\"https:\\\/\\\/viafoura.com\\\/wp-content\\\/uploads\\\/2025\\\/07\\\/Final-Les-Coops-de-LInformation-1.png\",\"contentUrl\":\"https:\\\/\\\/viafoura.com\\\/wp-content\\\/uploads\\\/2025\\\/07\\\/Final-Les-Coops-de-LInformation-1.png\",\"width\":2560,\"height\":980},{\"@type\":\"BreadcrumbList\",\"@id\":\"https:\\\/\\\/viafoura.com\\\/fr\\\/blog\\\/les-coops-de-linformation-sassocient-a-viafoura-pour-un-engagement-numerique-renforce\\\/#breadcrumb\",\"itemListElement\":[{\"@type\":\"ListItem\",\"position\":1,\"name\":\"Home\",\"item\":\"https:\\\/\\\/viafoura.com\\\/fr\\\/accueil\\\/\"},{\"@type\":\"ListItem\",\"position\":2,\"name\":\"Les Coops de L&#8217;Information s&#8217;associent \u00e0 Viafoura pour un engagement num\u00e9rique renforc\u00e9\"}]},{\"@type\":\"WebSite\",\"@id\":\"https:\\\/\\\/viafoura.com\\\/fr\\\/#website\",\"url\":\"https:\\\/\\\/viafoura.com\\\/fr\\\/\",\"name\":\"Viafoura\",\"description\":\"\",\"publisher\":{\"@id\":\"https:\\\/\\\/viafoura.com\\\/fr\\\/#organization\"},\"potentialAction\":[{\"@type\":\"SearchAction\",\"target\":{\"@type\":\"EntryPoint\",\"urlTemplate\":\"https:\\\/\\\/viafoura.com\\\/fr\\\/?s={search_term_string}\"},\"query-input\":{\"@type\":\"PropertyValueSpecification\",\"valueRequired\":true,\"valueName\":\"search_term_string\"}}],\"inLanguage\":\"fr-FR\"},{\"@type\":\"Organization\",\"@id\":\"https:\\\/\\\/viafoura.com\\\/fr\\\/#organization\",\"name\":\"Viafoura\",\"url\":\"https:\\\/\\\/viafoura.com\\\/fr\\\/\",\"logo\":{\"@type\":\"ImageObject\",\"inLanguage\":\"fr-FR\",\"@id\":\"https:\\\/\\\/viafoura.com\\\/fr\\\/#\\\/schema\\\/logo\\\/image\\\/\",\"url\":\"https:\\\/\\\/viafoura.com\\\/wp-content\\\/uploads\\\/2025\\\/06\\\/Main-logo.svg\",\"contentUrl\":\"https:\\\/\\\/viafoura.com\\\/wp-content\\\/uploads\\\/2025\\\/06\\\/Main-logo.svg\",\"width\":1920,\"height\":383,\"caption\":\"Viafoura\"},\"image\":{\"@id\":\"https:\\\/\\\/viafoura.com\\\/fr\\\/#\\\/schema\\\/logo\\\/image\\\/\"},\"sameAs\":[\"https:\\\/\\\/www.facebook.com\\\/viafoura\\\/\",\"https:\\\/\\\/x.com\\\/viafoura\",\"https:\\\/\\\/www.linkedin.com\\\/company\\\/viafoura\\\/\"]},{\"@type\":\"Person\",\"@id\":\"https:\\\/\\\/viafoura.com\\\/fr\\\/#\\\/schema\\\/person\\\/54c2b5215a1e7903300554530e4779a1\",\"name\":\"eclipse\",\"image\":{\"@type\":\"ImageObject\",\"inLanguage\":\"fr-FR\",\"@id\":\"https:\\\/\\\/secure.gravatar.com\\\/avatar\\\/a57eb78d56d01cafd540f163cbd4c579fb8c9fffb50c37d90cc94108dbdf7a0e?s=96&d=mm&r=g\",\"url\":\"https:\\\/\\\/secure.gravatar.com\\\/avatar\\\/a57eb78d56d01cafd540f163cbd4c579fb8c9fffb50c37d90cc94108dbdf7a0e?s=96&d=mm&r=g\",\"contentUrl\":\"https:\\\/\\\/secure.gravatar.com\\\/avatar\\\/a57eb78d56d01cafd540f163cbd4c579fb8c9fffb50c37d90cc94108dbdf7a0e?s=96&d=mm&r=g\",\"caption\":\"eclipse\"},\"sameAs\":[\"http:\\\/\\\/viafoura.com\"]}]}<\/script>\n<!-- \/ Yoast SEO plugin. -->","yoast_head_json":{"title":"Viafoura | Les Coops de L'Information s'associent \u00e0 Viafoura pour un engagement num\u00e9rique renforc\u00e9","description":"Nous sommes ravis d'annoncer que Viafoura s'est associ\u00e9 \u00e0 Les Coops de l'information afin d'offrir une exp\u00e9rience num\u00e9rique enrichie \u00e0 leurs m\u00e9dias","robots":{"index":"index","follow":"follow","max-snippet":"max-snippet:-1","max-image-preview":"max-image-preview:large","max-video-preview":"max-video-preview:-1"},"canonical":"https:\/\/viafoura.com\/fr\/blog\/les-coops-de-linformation-sassocient-a-viafoura-pour-un-engagement-numerique-renforce\/","og_locale":"fr_FR","og_type":"article","og_title":"Viafoura | Les Coops de L'Information s'associent \u00e0 Viafoura pour un engagement num\u00e9rique renforc\u00e9","og_description":"Nous sommes ravis d'annoncer que Viafoura s'est associ\u00e9 \u00e0 Les Coops de l'information afin d'offrir une exp\u00e9rience num\u00e9rique enrichie \u00e0 leurs m\u00e9dias","og_url":"https:\/\/viafoura.com\/fr\/blog\/les-coops-de-linformation-sassocient-a-viafoura-pour-un-engagement-numerique-renforce\/","og_site_name":"Viafoura","article_publisher":"https:\/\/www.facebook.com\/viafoura\/","article_published_time":"2024-06-04T03:00:22+00:00","article_modified_time":"2025-08-21T17:32:09+00:00","og_image":[{"width":2560,"height":980,"url":"https:\/\/viafoura.com\/wp-content\/uploads\/2025\/07\/Final-Les-Coops-de-LInformation-1.png","type":"image\/png"}],"twitter_card":"summary_large_image","twitter_creator":"@viafoura","twitter_site":"@viafoura","twitter_misc":{"\u00c9crit par":"eclipse","Dur\u00e9e de lecture estim\u00e9e":"2 minutes"},"schema":{"@context":"https:\/\/schema.org","@graph":[{"@type":"Article","@id":"https:\/\/viafoura.com\/fr\/blog\/les-coops-de-linformation-sassocient-a-viafoura-pour-un-engagement-numerique-renforce\/#article","isPartOf":{"@id":"https:\/\/viafoura.com\/fr\/blog\/les-coops-de-linformation-sassocient-a-viafoura-pour-un-engagement-numerique-renforce\/"},"author":{"name":"eclipse","@id":"https:\/\/viafoura.com\/fr\/#\/schema\/person\/54c2b5215a1e7903300554530e4779a1"},"headline":"Les Coops de L&rsquo;Information s&rsquo;associent \u00e0 Viafoura pour un engagement num\u00e9rique renforc\u00e9","datePublished":"2024-06-04T03:00:22+00:00","dateModified":"2025-08-21T17:32:09+00:00","mainEntityOfPage":{"@id":"https:\/\/viafoura.com\/fr\/blog\/les-coops-de-linformation-sassocient-a-viafoura-pour-un-engagement-numerique-renforce\/"},"wordCount":496,"publisher":{"@id":"https:\/\/viafoura.com\/fr\/#organization"},"image":{"@id":"https:\/\/viafoura.com\/fr\/blog\/les-coops-de-linformation-sassocient-a-viafoura-pour-un-engagement-numerique-renforce\/#primaryimage"},"thumbnailUrl":"https:\/\/viafoura.com\/wp-content\/uploads\/2025\/07\/Final-Les-Coops-de-LInformation-1.png","articleSection":["Communaut\u00e9","Engagement","Les clients"],"inLanguage":"fr-FR"},{"@type":"WebPage","@id":"https:\/\/viafoura.com\/fr\/blog\/les-coops-de-linformation-sassocient-a-viafoura-pour-un-engagement-numerique-renforce\/","url":"https:\/\/viafoura.com\/fr\/blog\/les-coops-de-linformation-sassocient-a-viafoura-pour-un-engagement-numerique-renforce\/","name":"Viafoura | Les Coops de L'Information s'associent \u00e0 Viafoura pour un engagement num\u00e9rique renforc\u00e9","isPartOf":{"@id":"https:\/\/viafoura.com\/fr\/#website"},"primaryImageOfPage":{"@id":"https:\/\/viafoura.com\/fr\/blog\/les-coops-de-linformation-sassocient-a-viafoura-pour-un-engagement-numerique-renforce\/#primaryimage"},"image":{"@id":"https:\/\/viafoura.com\/fr\/blog\/les-coops-de-linformation-sassocient-a-viafoura-pour-un-engagement-numerique-renforce\/#primaryimage"},"thumbnailUrl":"https:\/\/viafoura.com\/wp-content\/uploads\/2025\/07\/Final-Les-Coops-de-LInformation-1.png","datePublished":"2024-06-04T03:00:22+00:00","dateModified":"2025-08-21T17:32:09+00:00","description":"Nous sommes ravis d'annoncer que Viafoura s'est associ\u00e9 \u00e0 Les Coops de l'information afin d'offrir une exp\u00e9rience num\u00e9rique enrichie \u00e0 leurs m\u00e9dias","breadcrumb":{"@id":"https:\/\/viafoura.com\/fr\/blog\/les-coops-de-linformation-sassocient-a-viafoura-pour-un-engagement-numerique-renforce\/#breadcrumb"},"inLanguage":"fr-FR","potentialAction":[{"@type":"ReadAction","target":["https:\/\/viafoura.com\/fr\/blog\/les-coops-de-linformation-sassocient-a-viafoura-pour-un-engagement-numerique-renforce\/"]}]},{"@type":"ImageObject","inLanguage":"fr-FR","@id":"https:\/\/viafoura.com\/fr\/blog\/les-coops-de-linformation-sassocient-a-viafoura-pour-un-engagement-numerique-renforce\/#primaryimage","url":"https:\/\/viafoura.com\/wp-content\/uploads\/2025\/07\/Final-Les-Coops-de-LInformation-1.png","contentUrl":"https:\/\/viafoura.com\/wp-content\/uploads\/2025\/07\/Final-Les-Coops-de-LInformation-1.png","width":2560,"height":980},{"@type":"BreadcrumbList","@id":"https:\/\/viafoura.com\/fr\/blog\/les-coops-de-linformation-sassocient-a-viafoura-pour-un-engagement-numerique-renforce\/#breadcrumb","itemListElement":[{"@type":"ListItem","position":1,"name":"Home","item":"https:\/\/viafoura.com\/fr\/accueil\/"},{"@type":"ListItem","position":2,"name":"Les Coops de L&#8217;Information s&#8217;associent \u00e0 Viafoura pour un engagement num\u00e9rique renforc\u00e9"}]},{"@type":"WebSite","@id":"https:\/\/viafoura.com\/fr\/#website","url":"https:\/\/viafoura.com\/fr\/","name":"Viafoura","description":"","publisher":{"@id":"https:\/\/viafoura.com\/fr\/#organization"},"potentialAction":[{"@type":"SearchAction","target":{"@type":"EntryPoint","urlTemplate":"https:\/\/viafoura.com\/fr\/?s={search_term_string}"},"query-input":{"@type":"PropertyValueSpecification","valueRequired":true,"valueName":"search_term_string"}}],"inLanguage":"fr-FR"},{"@type":"Organization","@id":"https:\/\/viafoura.com\/fr\/#organization","name":"Viafoura","url":"https:\/\/viafoura.com\/fr\/","logo":{"@type":"ImageObject","inLanguage":"fr-FR","@id":"https:\/\/viafoura.com\/fr\/#\/schema\/logo\/image\/","url":"https:\/\/viafoura.com\/wp-content\/uploads\/2025\/06\/Main-logo.svg","contentUrl":"https:\/\/viafoura.com\/wp-content\/uploads\/2025\/06\/Main-logo.svg","width":1920,"height":383,"caption":"Viafoura"},"image":{"@id":"https:\/\/viafoura.com\/fr\/#\/schema\/logo\/image\/"},"sameAs":["https:\/\/www.facebook.com\/viafoura\/","https:\/\/x.com\/viafoura","https:\/\/www.linkedin.com\/company\/viafoura\/"]},{"@type":"Person","@id":"https:\/\/viafoura.com\/fr\/#\/schema\/person\/54c2b5215a1e7903300554530e4779a1","name":"eclipse","image":{"@type":"ImageObject","inLanguage":"fr-FR","@id":"https:\/\/secure.gravatar.com\/avatar\/a57eb78d56d01cafd540f163cbd4c579fb8c9fffb50c37d90cc94108dbdf7a0e?s=96&d=mm&r=g","url":"https:\/\/secure.gravatar.com\/avatar\/a57eb78d56d01cafd540f163cbd4c579fb8c9fffb50c37d90cc94108dbdf7a0e?s=96&d=mm&r=g","contentUrl":"https:\/\/secure.gravatar.com\/avatar\/a57eb78d56d01cafd540f163cbd4c579fb8c9fffb50c37d90cc94108dbdf7a0e?s=96&d=mm&r=g","caption":"eclipse"},"sameAs":["http:\/\/viafoura.com"]}]}},"_links":{"self":[{"href":"https:\/\/viafoura.com\/fr\/wp-json\/wp\/v2\/posts\/16916","targetHints":{"allow":["GET"]}}],"collection":[{"href":"https:\/\/viafoura.com\/fr\/wp-json\/wp\/v2\/posts"}],"about":[{"href":"https:\/\/viafoura.com\/fr\/wp-json\/wp\/v2\/types\/post"}],"author":[{"embeddable":true,"href":"https:\/\/viafoura.com\/fr\/wp-json\/wp\/v2\/users\/1"}],"replies":[{"embeddable":true,"href":"https:\/\/viafoura.com\/fr\/wp-json\/wp\/v2\/comments?post=16916"}],"version-history":[{"count":0,"href":"https:\/\/viafoura.com\/fr\/wp-json\/wp\/v2\/posts\/16916\/revisions"}],"wp:featuredmedia":[{"embeddable":true,"href":"https:\/\/viafoura.com\/fr\/wp-json\/wp\/v2\/media\/10230"}],"wp:attachment":[{"href":"https:\/\/viafoura.com\/fr\/wp-json\/wp\/v2\/media?parent=16916"}],"wp:term":[{"taxonomy":"category","embeddable":true,"href":"https:\/\/viafoura.com\/fr\/wp-json\/wp\/v2\/categories?post=16916"},{"taxonomy":"post_tag","embeddable":true,"href":"https:\/\/viafoura.com\/fr\/wp-json\/wp\/v2\/tags?post=16916"}],"curies":[{"name":"wp","href":"https:\/\/api.w.org\/{rel}","templated":true}]}}