{"id":14463,"date":"2022-02-07T14:26:18","date_gmt":"2022-02-07T14:26:18","guid":{"rendered":"https:\/\/viafoura-2025.eclipse-dev.com\/blog\/la-nacion-lanca-as-conversas-da-viafoura-na-sua-plataforma-com-o-objectivo-de-impulsionar-os-registos-e-o-dialogo-civil\/"},"modified":"2025-07-25T21:01:22","modified_gmt":"2025-07-25T21:01:22","slug":"la-nacion-lanca-as-conversas-da-viafoura-na-sua-plataforma-com-o-objectivo-de-impulsionar-os-registos-e-o-dialogo-civil","status":"publish","type":"post","link":"https:\/\/viafoura.com\/pt-pt\/blog\/la-nacion-lanca-as-conversas-da-viafoura-na-sua-plataforma-com-o-objectivo-de-impulsionar-os-registos-e-o-dialogo-civil\/","title":{"rendered":"La Naci\u00f3n lan\u00e7a as Conversas da Viafoura na sua plataforma com o objectivo de impulsionar os registos e o di\u00e1logo civil"},"content":{"rendered":"<p><span style=\"font-weight: 400;\">La Naci\u00f3n, o jornal conservador argentino preeminente, lan\u00e7ou a plataforma de experi\u00eancia digital da Viafoura no seu website, integrando a solu\u00e7\u00e3o Conversations, l\u00edder da ind\u00fastria. As Conversas de Viafoura permitir\u00e3o a modera\u00e7\u00e3o autom\u00e1tica de coment\u00e1rios no <a href=\"https:\/\/www.lanacion.com.ar\/\" target=\"_blank\" rel=\"noopener\">site do La Naci\u00f3n<\/a>, ao mesmo tempo que capturam dados e an\u00e1lises sobre os utilizadores registados da empresa de meios de comunica\u00e7\u00e3o. A solu\u00e7\u00e3o Conversations inclui tamb\u00e9m um feed comunit\u00e1rio, a op\u00e7\u00e3o de seguir t\u00f3picos e\/ou autores, e um carrossel de tend\u00eancias de conte\u00fado.<\/span> <span style=\"font-weight: 400;\">Com 46 milh\u00f5es de utilizadores mensais e 343.000 assinantes pagos, La Naci\u00f3n quis cultivar e alimentar a sua comunidade, facilitando ao mesmo tempo a express\u00e3o dos leitores.<\/span> <span style=\"font-weight: 400;\">&#8220;Um dos nossos objectivos \u00e9 aumentar as interac\u00e7\u00f5es dos nossos utilizadores registados&#8221;, diz Juan Alvarez, gestor de produto do La Naci\u00f3n. &#8220;Ao mudar para Viafoura, apenas os nossos utilizadores registados podem comentar, pelo que esperamos que promova um di\u00e1logo civil ao mesmo tempo que ajuda os nossos utilizadores a terem interac\u00e7\u00f5es mais atentas&#8221;.<\/span> <span style=\"font-weight: 400;\">Antes de adoptar a plataforma de experi\u00eancia digital da Viafoura, La Naci\u00f3n estava a utilizar o Livefyre. Alvarez observa que a sua equipa queria melhorar a experi\u00eancia comunit\u00e1ria do jornal para al\u00e9m de comentar, ao mesmo tempo que aumentava o envolvimento, as inscri\u00e7\u00f5es, as subscri\u00e7\u00f5es, o tempo no local e as visitas de regresso.<\/span><\/p>\n\n<figure class=\"wp-block-image\"><img decoding=\"async\" src=\"https:\/\/viafoura.com\/wp-content\/uploads\/2025\/07\/La-Nacion-conversations.jpg\" alt=\"\" \/>\n<\/figure>\n<p><span style=\"font-weight: 400;\">Parte do que convenceu La Naci\u00f3n a escolher Viafoura foi o alcance do que a <a href=\"https:\/\/viafoura.com\/pt-pt\/conversas-2019\/\" target=\"_blank\" rel=\"noopener\">solu\u00e7\u00e3o Conversations<\/a> poderia oferecer, bem como recomenda\u00e7\u00f5es de outras marcas de meios de comunica\u00e7\u00e3o de confian\u00e7a.<\/span> <span style=\"font-weight: 400;\">Mas uma vez assinado o contrato, o que mais impressionou Alvarez foi a alta qualidade do servi\u00e7o que a sua equipa recebeu da Viafoura. A implementa\u00e7\u00e3o da solu\u00e7\u00e3o aconteceu num curto espa\u00e7o de tempo, e reuni\u00f5es regulares ajudaram a orientar a equipa do La Naci\u00f3n atrav\u00e9s das perguntas sobre a tecnologia. Foram tamb\u00e9m prestados servi\u00e7os de tradu\u00e7\u00e3o durante as reuni\u00f5es para facilitar a comunica\u00e7\u00e3o sempre que necess\u00e1rio. Alvarez acrescenta que o apoio t\u00e9cnico desde o lan\u00e7amento da solu\u00e7\u00e3o tem sido especialmente eficiente.<\/span> <span style=\"font-weight: 400;\">&#8220;O nosso objectivo \u00e9 fazer crescer a nossa comunidade de m\u00e3os dadas com o Viafoura&#8221;, diz Alvarez. &#8220;Esperamos implementar mais solu\u00e7\u00f5es no futuro e continuar a promover o crescimento da nossa comunidade&#8221;.<\/span> <span style=\"font-weight: 400;\">Viafoura partilha o entusiasmo de Alvarez pelo que est\u00e1 para vir.<\/span> <span style=\"font-weight: 400;\">&#8220;Estamos t\u00e3o entusiasmados por expandir o nosso alcance na Argentina com a maravilhosa equipa do La Naci\u00f3n&#8221;, diz Dalia Vainer, directora de experi\u00eancia do cliente na Viafoura. &#8220;Estamos ansiosos por fazer crescer a sua comunidade envolvida, ao mesmo tempo que destacamos a civilidade e criamos uma s\u00e9rie de envolvimento do utilizador de ponta a ponta&#8221;!<\/span><\/p>\n\n","protected":false},"excerpt":{"rendered":"<p>La Naci\u00f3n, o jornal conservador argentino preeminente, lan\u00e7ou a plataforma de experi\u00eancia digital da Viafoura no seu website, integrando a solu\u00e7\u00e3o Conversations, l\u00edder da ind\u00fastria. As Conversas de Viafoura permitir\u00e3o a modera\u00e7\u00e3o autom\u00e1tica de coment\u00e1rios no site do La Naci\u00f3n, ao mesmo tempo que capturam dados e an\u00e1lises sobre os utilizadores registados da empresa de [&hellip;]<\/p>\n","protected":false},"author":1,"featured_media":8638,"comment_status":"closed","ping_status":"closed","sticky":false,"template":"","format":"standard","meta":{"_acf_changed":false,"footnotes":""},"categories":[130],"tags":[],"class_list":["post-14463","post","type-post","status-publish","format-standard","has-post-thumbnail","hentry","category-noticia-pt-pt"],"acf":[],"yoast_head":"<!-- This site is optimized with the Yoast SEO plugin v27.4 - https:\/\/yoast.com\/product\/yoast-seo-wordpress\/ -->\n<title>Viafoura | La Naci\u00f3n lan\u00e7a as Conversas da Viafoura na sua plataforma com o objectivo de impulsionar os registos e o di\u00e1logo civil<\/title>\n<meta name=\"description\" content=\"La Naci\u00f3n, o jornal conservador argentino preeminente, lan\u00e7ou a plataforma de experi\u00eancia digital da Viafoura no seu website, integrando a solu\u00e7\u00e3o\" \/>\n<meta name=\"robots\" content=\"index, follow, max-snippet:-1, max-image-preview:large, max-video-preview:-1\" \/>\n<link rel=\"canonical\" href=\"https:\/\/viafoura.com\/pt-pt\/blog\/la-nacion-lanca-as-conversas-da-viafoura-na-sua-plataforma-com-o-objectivo-de-impulsionar-os-registos-e-o-dialogo-civil\/\" \/>\n<meta property=\"og:locale\" content=\"pt_PT\" \/>\n<meta property=\"og:type\" content=\"article\" \/>\n<meta property=\"og:title\" content=\"Viafoura | La Naci\u00f3n lan\u00e7a as Conversas da Viafoura na sua plataforma com o objectivo de impulsionar os registos e o di\u00e1logo civil\" \/>\n<meta property=\"og:description\" content=\"La Naci\u00f3n, o jornal conservador argentino preeminente, lan\u00e7ou a plataforma de experi\u00eancia digital da Viafoura no seu website, integrando a solu\u00e7\u00e3o\" \/>\n<meta property=\"og:url\" content=\"https:\/\/viafoura.com\/pt-pt\/blog\/la-nacion-lanca-as-conversas-da-viafoura-na-sua-plataforma-com-o-objectivo-de-impulsionar-os-registos-e-o-dialogo-civil\/\" \/>\n<meta property=\"og:site_name\" content=\"Viafoura\" \/>\n<meta property=\"article:publisher\" content=\"https:\/\/www.facebook.com\/viafoura\/\" \/>\n<meta property=\"article:published_time\" content=\"2022-02-07T14:26:18+00:00\" \/>\n<meta property=\"article:modified_time\" content=\"2025-07-25T21:01:22+00:00\" \/>\n<meta property=\"og:image\" content=\"https:\/\/viafoura.com\/wp-content\/uploads\/2025\/07\/woman-reading-online-news-on-digital-tablet-2021-08-26-23-02-52-utc-1-scaled-1.jpg\" \/>\n\t<meta property=\"og:image:width\" content=\"2560\" \/>\n\t<meta property=\"og:image:height\" content=\"1614\" \/>\n\t<meta property=\"og:image:type\" content=\"image\/jpeg\" \/>\n<meta name=\"twitter:card\" content=\"summary_large_image\" \/>\n<meta name=\"twitter:creator\" content=\"@viafoura\" \/>\n<meta name=\"twitter:site\" content=\"@viafoura\" \/>\n<meta name=\"twitter:label1\" content=\"Escrito por\" \/>\n\t<meta name=\"twitter:data1\" content=\"eclipse\" \/>\n\t<meta name=\"twitter:label2\" content=\"Tempo estimado de leitura\" \/>\n\t<meta name=\"twitter:data2\" content=\"2 minutos\" \/>\n<script type=\"application\/ld+json\" class=\"yoast-schema-graph\">{\"@context\":\"https:\\\/\\\/schema.org\",\"@graph\":[{\"@type\":\"Article\",\"@id\":\"https:\\\/\\\/viafoura.com\\\/pt-pt\\\/blog\\\/la-nacion-lanca-as-conversas-da-viafoura-na-sua-plataforma-com-o-objectivo-de-impulsionar-os-registos-e-o-dialogo-civil\\\/#article\",\"isPartOf\":{\"@id\":\"https:\\\/\\\/viafoura.com\\\/pt-pt\\\/blog\\\/la-nacion-lanca-as-conversas-da-viafoura-na-sua-plataforma-com-o-objectivo-de-impulsionar-os-registos-e-o-dialogo-civil\\\/\"},\"author\":{\"name\":\"eclipse\",\"@id\":\"https:\\\/\\\/viafoura.com\\\/pt-pt\\\/#\\\/schema\\\/person\\\/54c2b5215a1e7903300554530e4779a1\"},\"headline\":\"La Naci\u00f3n lan\u00e7a as Conversas da Viafoura na sua plataforma com o objectivo de impulsionar os registos e o di\u00e1logo civil\",\"datePublished\":\"2022-02-07T14:26:18+00:00\",\"dateModified\":\"2025-07-25T21:01:22+00:00\",\"mainEntityOfPage\":{\"@id\":\"https:\\\/\\\/viafoura.com\\\/pt-pt\\\/blog\\\/la-nacion-lanca-as-conversas-da-viafoura-na-sua-plataforma-com-o-objectivo-de-impulsionar-os-registos-e-o-dialogo-civil\\\/\"},\"wordCount\":507,\"publisher\":{\"@id\":\"https:\\\/\\\/viafoura.com\\\/pt-pt\\\/#organization\"},\"image\":{\"@id\":\"https:\\\/\\\/viafoura.com\\\/pt-pt\\\/blog\\\/la-nacion-lanca-as-conversas-da-viafoura-na-sua-plataforma-com-o-objectivo-de-impulsionar-os-registos-e-o-dialogo-civil\\\/#primaryimage\"},\"thumbnailUrl\":\"https:\\\/\\\/viafoura.com\\\/wp-content\\\/uploads\\\/2025\\\/07\\\/woman-reading-online-news-on-digital-tablet-2021-08-26-23-02-52-utc-1-scaled-1.jpg\",\"articleSection\":[\"Not\u00edcia\"],\"inLanguage\":\"pt-PT\"},{\"@type\":\"WebPage\",\"@id\":\"https:\\\/\\\/viafoura.com\\\/pt-pt\\\/blog\\\/la-nacion-lanca-as-conversas-da-viafoura-na-sua-plataforma-com-o-objectivo-de-impulsionar-os-registos-e-o-dialogo-civil\\\/\",\"url\":\"https:\\\/\\\/viafoura.com\\\/pt-pt\\\/blog\\\/la-nacion-lanca-as-conversas-da-viafoura-na-sua-plataforma-com-o-objectivo-de-impulsionar-os-registos-e-o-dialogo-civil\\\/\",\"name\":\"Viafoura | La Naci\u00f3n lan\u00e7a as Conversas da Viafoura na sua plataforma com o objectivo de impulsionar os registos e o di\u00e1logo civil\",\"isPartOf\":{\"@id\":\"https:\\\/\\\/viafoura.com\\\/pt-pt\\\/#website\"},\"primaryImageOfPage\":{\"@id\":\"https:\\\/\\\/viafoura.com\\\/pt-pt\\\/blog\\\/la-nacion-lanca-as-conversas-da-viafoura-na-sua-plataforma-com-o-objectivo-de-impulsionar-os-registos-e-o-dialogo-civil\\\/#primaryimage\"},\"image\":{\"@id\":\"https:\\\/\\\/viafoura.com\\\/pt-pt\\\/blog\\\/la-nacion-lanca-as-conversas-da-viafoura-na-sua-plataforma-com-o-objectivo-de-impulsionar-os-registos-e-o-dialogo-civil\\\/#primaryimage\"},\"thumbnailUrl\":\"https:\\\/\\\/viafoura.com\\\/wp-content\\\/uploads\\\/2025\\\/07\\\/woman-reading-online-news-on-digital-tablet-2021-08-26-23-02-52-utc-1-scaled-1.jpg\",\"datePublished\":\"2022-02-07T14:26:18+00:00\",\"dateModified\":\"2025-07-25T21:01:22+00:00\",\"description\":\"La Naci\u00f3n, o jornal conservador argentino preeminente, lan\u00e7ou a plataforma de experi\u00eancia digital da Viafoura no seu website, integrando a solu\u00e7\u00e3o\",\"breadcrumb\":{\"@id\":\"https:\\\/\\\/viafoura.com\\\/pt-pt\\\/blog\\\/la-nacion-lanca-as-conversas-da-viafoura-na-sua-plataforma-com-o-objectivo-de-impulsionar-os-registos-e-o-dialogo-civil\\\/#breadcrumb\"},\"inLanguage\":\"pt-PT\",\"potentialAction\":[{\"@type\":\"ReadAction\",\"target\":[\"https:\\\/\\\/viafoura.com\\\/pt-pt\\\/blog\\\/la-nacion-lanca-as-conversas-da-viafoura-na-sua-plataforma-com-o-objectivo-de-impulsionar-os-registos-e-o-dialogo-civil\\\/\"]}]},{\"@type\":\"ImageObject\",\"inLanguage\":\"pt-PT\",\"@id\":\"https:\\\/\\\/viafoura.com\\\/pt-pt\\\/blog\\\/la-nacion-lanca-as-conversas-da-viafoura-na-sua-plataforma-com-o-objectivo-de-impulsionar-os-registos-e-o-dialogo-civil\\\/#primaryimage\",\"url\":\"https:\\\/\\\/viafoura.com\\\/wp-content\\\/uploads\\\/2025\\\/07\\\/woman-reading-online-news-on-digital-tablet-2021-08-26-23-02-52-utc-1-scaled-1.jpg\",\"contentUrl\":\"https:\\\/\\\/viafoura.com\\\/wp-content\\\/uploads\\\/2025\\\/07\\\/woman-reading-online-news-on-digital-tablet-2021-08-26-23-02-52-utc-1-scaled-1.jpg\",\"width\":2560,\"height\":1614},{\"@type\":\"BreadcrumbList\",\"@id\":\"https:\\\/\\\/viafoura.com\\\/pt-pt\\\/blog\\\/la-nacion-lanca-as-conversas-da-viafoura-na-sua-plataforma-com-o-objectivo-de-impulsionar-os-registos-e-o-dialogo-civil\\\/#breadcrumb\",\"itemListElement\":[{\"@type\":\"ListItem\",\"position\":1,\"name\":\"Home\",\"item\":\"https:\\\/\\\/viafoura.com\\\/pt-pt\\\/casa\\\/\"},{\"@type\":\"ListItem\",\"position\":2,\"name\":\"La Naci\u00f3n lan\u00e7a as Conversas da Viafoura na sua plataforma com o objectivo de impulsionar os registos e o di\u00e1logo civil\"}]},{\"@type\":\"WebSite\",\"@id\":\"https:\\\/\\\/viafoura.com\\\/pt-pt\\\/#website\",\"url\":\"https:\\\/\\\/viafoura.com\\\/pt-pt\\\/\",\"name\":\"Viafoura\",\"description\":\"\",\"publisher\":{\"@id\":\"https:\\\/\\\/viafoura.com\\\/pt-pt\\\/#organization\"},\"potentialAction\":[{\"@type\":\"SearchAction\",\"target\":{\"@type\":\"EntryPoint\",\"urlTemplate\":\"https:\\\/\\\/viafoura.com\\\/pt-pt\\\/?s={search_term_string}\"},\"query-input\":{\"@type\":\"PropertyValueSpecification\",\"valueRequired\":true,\"valueName\":\"search_term_string\"}}],\"inLanguage\":\"pt-PT\"},{\"@type\":\"Organization\",\"@id\":\"https:\\\/\\\/viafoura.com\\\/pt-pt\\\/#organization\",\"name\":\"Viafoura\",\"url\":\"https:\\\/\\\/viafoura.com\\\/pt-pt\\\/\",\"logo\":{\"@type\":\"ImageObject\",\"inLanguage\":\"pt-PT\",\"@id\":\"https:\\\/\\\/viafoura.com\\\/pt-pt\\\/#\\\/schema\\\/logo\\\/image\\\/\",\"url\":\"https:\\\/\\\/viafoura.com\\\/wp-content\\\/uploads\\\/2025\\\/06\\\/Main-logo.svg\",\"contentUrl\":\"https:\\\/\\\/viafoura.com\\\/wp-content\\\/uploads\\\/2025\\\/06\\\/Main-logo.svg\",\"width\":1920,\"height\":383,\"caption\":\"Viafoura\"},\"image\":{\"@id\":\"https:\\\/\\\/viafoura.com\\\/pt-pt\\\/#\\\/schema\\\/logo\\\/image\\\/\"},\"sameAs\":[\"https:\\\/\\\/www.facebook.com\\\/viafoura\\\/\",\"https:\\\/\\\/x.com\\\/viafoura\",\"https:\\\/\\\/www.linkedin.com\\\/company\\\/viafoura\\\/\"]},{\"@type\":\"Person\",\"@id\":\"https:\\\/\\\/viafoura.com\\\/pt-pt\\\/#\\\/schema\\\/person\\\/54c2b5215a1e7903300554530e4779a1\",\"name\":\"eclipse\",\"image\":{\"@type\":\"ImageObject\",\"inLanguage\":\"pt-PT\",\"@id\":\"https:\\\/\\\/secure.gravatar.com\\\/avatar\\\/a57eb78d56d01cafd540f163cbd4c579fb8c9fffb50c37d90cc94108dbdf7a0e?s=96&d=mm&r=g\",\"url\":\"https:\\\/\\\/secure.gravatar.com\\\/avatar\\\/a57eb78d56d01cafd540f163cbd4c579fb8c9fffb50c37d90cc94108dbdf7a0e?s=96&d=mm&r=g\",\"contentUrl\":\"https:\\\/\\\/secure.gravatar.com\\\/avatar\\\/a57eb78d56d01cafd540f163cbd4c579fb8c9fffb50c37d90cc94108dbdf7a0e?s=96&d=mm&r=g\",\"caption\":\"eclipse\"},\"sameAs\":[\"http:\\\/\\\/viafoura.com\"]}]}<\/script>\n<!-- \/ Yoast SEO plugin. -->","yoast_head_json":{"title":"Viafoura | La Naci\u00f3n lan\u00e7a as Conversas da Viafoura na sua plataforma com o objectivo de impulsionar os registos e o di\u00e1logo civil","description":"La Naci\u00f3n, o jornal conservador argentino preeminente, lan\u00e7ou a plataforma de experi\u00eancia digital da Viafoura no seu website, integrando a solu\u00e7\u00e3o","robots":{"index":"index","follow":"follow","max-snippet":"max-snippet:-1","max-image-preview":"max-image-preview:large","max-video-preview":"max-video-preview:-1"},"canonical":"https:\/\/viafoura.com\/pt-pt\/blog\/la-nacion-lanca-as-conversas-da-viafoura-na-sua-plataforma-com-o-objectivo-de-impulsionar-os-registos-e-o-dialogo-civil\/","og_locale":"pt_PT","og_type":"article","og_title":"Viafoura | La Naci\u00f3n lan\u00e7a as Conversas da Viafoura na sua plataforma com o objectivo de impulsionar os registos e o di\u00e1logo civil","og_description":"La Naci\u00f3n, o jornal conservador argentino preeminente, lan\u00e7ou a plataforma de experi\u00eancia digital da Viafoura no seu website, integrando a solu\u00e7\u00e3o","og_url":"https:\/\/viafoura.com\/pt-pt\/blog\/la-nacion-lanca-as-conversas-da-viafoura-na-sua-plataforma-com-o-objectivo-de-impulsionar-os-registos-e-o-dialogo-civil\/","og_site_name":"Viafoura","article_publisher":"https:\/\/www.facebook.com\/viafoura\/","article_published_time":"2022-02-07T14:26:18+00:00","article_modified_time":"2025-07-25T21:01:22+00:00","og_image":[{"width":2560,"height":1614,"url":"https:\/\/viafoura.com\/wp-content\/uploads\/2025\/07\/woman-reading-online-news-on-digital-tablet-2021-08-26-23-02-52-utc-1-scaled-1.jpg","type":"image\/jpeg"}],"twitter_card":"summary_large_image","twitter_creator":"@viafoura","twitter_site":"@viafoura","twitter_misc":{"Escrito por":"eclipse","Tempo estimado de leitura":"2 minutos"},"schema":{"@context":"https:\/\/schema.org","@graph":[{"@type":"Article","@id":"https:\/\/viafoura.com\/pt-pt\/blog\/la-nacion-lanca-as-conversas-da-viafoura-na-sua-plataforma-com-o-objectivo-de-impulsionar-os-registos-e-o-dialogo-civil\/#article","isPartOf":{"@id":"https:\/\/viafoura.com\/pt-pt\/blog\/la-nacion-lanca-as-conversas-da-viafoura-na-sua-plataforma-com-o-objectivo-de-impulsionar-os-registos-e-o-dialogo-civil\/"},"author":{"name":"eclipse","@id":"https:\/\/viafoura.com\/pt-pt\/#\/schema\/person\/54c2b5215a1e7903300554530e4779a1"},"headline":"La Naci\u00f3n lan\u00e7a as Conversas da Viafoura na sua plataforma com o objectivo de impulsionar os registos e o di\u00e1logo civil","datePublished":"2022-02-07T14:26:18+00:00","dateModified":"2025-07-25T21:01:22+00:00","mainEntityOfPage":{"@id":"https:\/\/viafoura.com\/pt-pt\/blog\/la-nacion-lanca-as-conversas-da-viafoura-na-sua-plataforma-com-o-objectivo-de-impulsionar-os-registos-e-o-dialogo-civil\/"},"wordCount":507,"publisher":{"@id":"https:\/\/viafoura.com\/pt-pt\/#organization"},"image":{"@id":"https:\/\/viafoura.com\/pt-pt\/blog\/la-nacion-lanca-as-conversas-da-viafoura-na-sua-plataforma-com-o-objectivo-de-impulsionar-os-registos-e-o-dialogo-civil\/#primaryimage"},"thumbnailUrl":"https:\/\/viafoura.com\/wp-content\/uploads\/2025\/07\/woman-reading-online-news-on-digital-tablet-2021-08-26-23-02-52-utc-1-scaled-1.jpg","articleSection":["Not\u00edcia"],"inLanguage":"pt-PT"},{"@type":"WebPage","@id":"https:\/\/viafoura.com\/pt-pt\/blog\/la-nacion-lanca-as-conversas-da-viafoura-na-sua-plataforma-com-o-objectivo-de-impulsionar-os-registos-e-o-dialogo-civil\/","url":"https:\/\/viafoura.com\/pt-pt\/blog\/la-nacion-lanca-as-conversas-da-viafoura-na-sua-plataforma-com-o-objectivo-de-impulsionar-os-registos-e-o-dialogo-civil\/","name":"Viafoura | La Naci\u00f3n lan\u00e7a as Conversas da Viafoura na sua plataforma com o objectivo de impulsionar os registos e o di\u00e1logo civil","isPartOf":{"@id":"https:\/\/viafoura.com\/pt-pt\/#website"},"primaryImageOfPage":{"@id":"https:\/\/viafoura.com\/pt-pt\/blog\/la-nacion-lanca-as-conversas-da-viafoura-na-sua-plataforma-com-o-objectivo-de-impulsionar-os-registos-e-o-dialogo-civil\/#primaryimage"},"image":{"@id":"https:\/\/viafoura.com\/pt-pt\/blog\/la-nacion-lanca-as-conversas-da-viafoura-na-sua-plataforma-com-o-objectivo-de-impulsionar-os-registos-e-o-dialogo-civil\/#primaryimage"},"thumbnailUrl":"https:\/\/viafoura.com\/wp-content\/uploads\/2025\/07\/woman-reading-online-news-on-digital-tablet-2021-08-26-23-02-52-utc-1-scaled-1.jpg","datePublished":"2022-02-07T14:26:18+00:00","dateModified":"2025-07-25T21:01:22+00:00","description":"La Naci\u00f3n, o jornal conservador argentino preeminente, lan\u00e7ou a plataforma de experi\u00eancia digital da Viafoura no seu website, integrando a solu\u00e7\u00e3o","breadcrumb":{"@id":"https:\/\/viafoura.com\/pt-pt\/blog\/la-nacion-lanca-as-conversas-da-viafoura-na-sua-plataforma-com-o-objectivo-de-impulsionar-os-registos-e-o-dialogo-civil\/#breadcrumb"},"inLanguage":"pt-PT","potentialAction":[{"@type":"ReadAction","target":["https:\/\/viafoura.com\/pt-pt\/blog\/la-nacion-lanca-as-conversas-da-viafoura-na-sua-plataforma-com-o-objectivo-de-impulsionar-os-registos-e-o-dialogo-civil\/"]}]},{"@type":"ImageObject","inLanguage":"pt-PT","@id":"https:\/\/viafoura.com\/pt-pt\/blog\/la-nacion-lanca-as-conversas-da-viafoura-na-sua-plataforma-com-o-objectivo-de-impulsionar-os-registos-e-o-dialogo-civil\/#primaryimage","url":"https:\/\/viafoura.com\/wp-content\/uploads\/2025\/07\/woman-reading-online-news-on-digital-tablet-2021-08-26-23-02-52-utc-1-scaled-1.jpg","contentUrl":"https:\/\/viafoura.com\/wp-content\/uploads\/2025\/07\/woman-reading-online-news-on-digital-tablet-2021-08-26-23-02-52-utc-1-scaled-1.jpg","width":2560,"height":1614},{"@type":"BreadcrumbList","@id":"https:\/\/viafoura.com\/pt-pt\/blog\/la-nacion-lanca-as-conversas-da-viafoura-na-sua-plataforma-com-o-objectivo-de-impulsionar-os-registos-e-o-dialogo-civil\/#breadcrumb","itemListElement":[{"@type":"ListItem","position":1,"name":"Home","item":"https:\/\/viafoura.com\/pt-pt\/casa\/"},{"@type":"ListItem","position":2,"name":"La Naci\u00f3n lan\u00e7a as Conversas da Viafoura na sua plataforma com o objectivo de impulsionar os registos e o di\u00e1logo civil"}]},{"@type":"WebSite","@id":"https:\/\/viafoura.com\/pt-pt\/#website","url":"https:\/\/viafoura.com\/pt-pt\/","name":"Viafoura","description":"","publisher":{"@id":"https:\/\/viafoura.com\/pt-pt\/#organization"},"potentialAction":[{"@type":"SearchAction","target":{"@type":"EntryPoint","urlTemplate":"https:\/\/viafoura.com\/pt-pt\/?s={search_term_string}"},"query-input":{"@type":"PropertyValueSpecification","valueRequired":true,"valueName":"search_term_string"}}],"inLanguage":"pt-PT"},{"@type":"Organization","@id":"https:\/\/viafoura.com\/pt-pt\/#organization","name":"Viafoura","url":"https:\/\/viafoura.com\/pt-pt\/","logo":{"@type":"ImageObject","inLanguage":"pt-PT","@id":"https:\/\/viafoura.com\/pt-pt\/#\/schema\/logo\/image\/","url":"https:\/\/viafoura.com\/wp-content\/uploads\/2025\/06\/Main-logo.svg","contentUrl":"https:\/\/viafoura.com\/wp-content\/uploads\/2025\/06\/Main-logo.svg","width":1920,"height":383,"caption":"Viafoura"},"image":{"@id":"https:\/\/viafoura.com\/pt-pt\/#\/schema\/logo\/image\/"},"sameAs":["https:\/\/www.facebook.com\/viafoura\/","https:\/\/x.com\/viafoura","https:\/\/www.linkedin.com\/company\/viafoura\/"]},{"@type":"Person","@id":"https:\/\/viafoura.com\/pt-pt\/#\/schema\/person\/54c2b5215a1e7903300554530e4779a1","name":"eclipse","image":{"@type":"ImageObject","inLanguage":"pt-PT","@id":"https:\/\/secure.gravatar.com\/avatar\/a57eb78d56d01cafd540f163cbd4c579fb8c9fffb50c37d90cc94108dbdf7a0e?s=96&d=mm&r=g","url":"https:\/\/secure.gravatar.com\/avatar\/a57eb78d56d01cafd540f163cbd4c579fb8c9fffb50c37d90cc94108dbdf7a0e?s=96&d=mm&r=g","contentUrl":"https:\/\/secure.gravatar.com\/avatar\/a57eb78d56d01cafd540f163cbd4c579fb8c9fffb50c37d90cc94108dbdf7a0e?s=96&d=mm&r=g","caption":"eclipse"},"sameAs":["http:\/\/viafoura.com"]}]}},"_links":{"self":[{"href":"https:\/\/viafoura.com\/pt-pt\/wp-json\/wp\/v2\/posts\/14463","targetHints":{"allow":["GET"]}}],"collection":[{"href":"https:\/\/viafoura.com\/pt-pt\/wp-json\/wp\/v2\/posts"}],"about":[{"href":"https:\/\/viafoura.com\/pt-pt\/wp-json\/wp\/v2\/types\/post"}],"author":[{"embeddable":true,"href":"https:\/\/viafoura.com\/pt-pt\/wp-json\/wp\/v2\/users\/1"}],"replies":[{"embeddable":true,"href":"https:\/\/viafoura.com\/pt-pt\/wp-json\/wp\/v2\/comments?post=14463"}],"version-history":[{"count":0,"href":"https:\/\/viafoura.com\/pt-pt\/wp-json\/wp\/v2\/posts\/14463\/revisions"}],"wp:featuredmedia":[{"embeddable":true,"href":"https:\/\/viafoura.com\/pt-pt\/wp-json\/wp\/v2\/media\/8638"}],"wp:attachment":[{"href":"https:\/\/viafoura.com\/pt-pt\/wp-json\/wp\/v2\/media?parent=14463"}],"wp:term":[{"taxonomy":"category","embeddable":true,"href":"https:\/\/viafoura.com\/pt-pt\/wp-json\/wp\/v2\/categories?post=14463"},{"taxonomy":"post_tag","embeddable":true,"href":"https:\/\/viafoura.com\/pt-pt\/wp-json\/wp\/v2\/tags?post=14463"}],"curies":[{"name":"wp","href":"https:\/\/api.w.org\/{rel}","templated":true}]}}